{"id":872,"date":"2019-04-08T17:55:48","date_gmt":"2019-04-08T15:55:48","guid":{"rendered":"https:\/\/www.taxi-agentur.de\/?p=872"},"modified":"2019-09-21T19:06:14","modified_gmt":"2019-09-21T17:06:14","slug":"deutsche-wohnen-enteignen","status":"publish","type":"post","link":"https:\/\/www.taxi-agentur.de\/index.php\/2019\/04\/08\/deutsche-wohnen-enteignen\/","title":{"rendered":"Deutsche Wohnen enteignen!"},"content":{"rendered":"<p><img loading=\"lazy\" decoding=\"async\" class=\"size-thumbnail wp-image-159 alignleft\" src=\"https:\/\/www.taxi-agentur.de\/wp-content\/uploads\/2019\/09\/demo-150x150.png\" alt=\"\" width=\"150\" height=\"150\" srcset=\"https:\/\/www.taxi-agentur.de\/wp-content\/uploads\/2019\/09\/demo-150x150.png 150w, https:\/\/www.taxi-agentur.de\/wp-content\/uploads\/2019\/09\/demo.png 200w\" sizes=\"(max-width: 150px) 100vw, 150px\" \/><\/p>\n<p>2019-04-08 <a href=\"https:\/\/www.rosalux.de\/fileadmin\/rls_uploads\/pdfs\/Standpunkte\/Standpunkte_8-2018.pdf\" target=\"_blank\" rel=\"noopener noreferrer\"><strong>40.000 demonstrierten allein in<span style=\"color: #99cc00;\"> Berlin<\/span> gegen den &#8222;Mietenwahnsinn&#8220;. 85% der Bev\u00f6lkerung der Hauptstadt sind von diesem Problem betroffen. Es war der Bundestag selber, der die Miete zum Repressions-Instrument gemacht hatte und damit das Problem auch noch versch\u00e4rfte. <span style=\"color: #ff0000;\"><em>Im Falle des Volksbegehrens unterst\u00fctzen wir das Vorhaben auf das Sch\u00e4rfste!<\/em><\/span> Unser Problem ist zwar anders, aber \u00e4hnlich: Private Konzerne wollen das Taxigewerbe schlucken. Es ist Bestandteil des \u00d6PNV und geh\u00f6rt somit zur staatl. Daseinsvorsorge! Lasst uns am Mittwoch mit wenigstens 6000 Taxen an der Sternfahrt teilnehmen, denn der R\u00fcckzug des Staates aus seiner Verantwortung ist auch f\u00fcr uns nicht hinnehmbar! &#8211; Deutsche Wohnen enteignen!<\/strong><\/a> <em>(deutsch, Standpunkte, &#8222;Expropriate Deutsche Wohnen!&#8220;)<\/em><\/p>\n","protected":false},"excerpt":{"rendered":"<p>2019-04-08 40.000 demonstrierten allein in Berlin gegen den &#8222;Mietenwahnsinn&#8220;. 85% der Bev\u00f6lkerung der Hauptstadt sind von diesem Problem betroffen. Es war der Bundestag selber, der die Miete zum Repressions-Instrument gemacht hatte und damit das Problem auch noch versch\u00e4rfte. Im Falle des Volksbegehrens unterst\u00fctzen wir das Vorhaben auf das Sch\u00e4rfste! Unser Problem ist zwar anders, aber [&hellip;]<\/p>\n","protected":false},"author":3,"featured_media":0,"comment_status":"closed","ping_status":"closed","sticky":false,"template":"","format":"standard","meta":{"site-sidebar-layout":"default","site-content-layout":"default","ast-site-content-layout":"","site-content-style":"default","site-sidebar-style":"default","ast-global-header-display":"","ast-banner-title-visibility":"","ast-main-header-display":"","ast-hfb-above-header-display":"","ast-hfb-below-header-display":"","ast-hfb-mobile-header-display":"","site-post-title":"","ast-breadcrumbs-content":"","ast-featured-img":"","footer-sml-layout":"","theme-transparent-header-meta":"default","adv-header-id-meta":"","stick-header-meta":"","header-above-stick-meta":"","header-main-stick-meta":"","header-below-stick-meta":"","astra-migrate-meta-layouts":"default","ast-page-background-enabled":"default","ast-page-background-meta":{"desktop":{"background-color":"","background-image":"","background-repeat":"repeat","background-position":"center center","background-size":"auto","background-attachment":"scroll","background-type":"","background-media":"","overlay-type":"","overlay-color":"","overlay-gradient":""},"tablet":{"background-color":"","background-image":"","background-repeat":"repeat","background-position":"center center","background-size":"auto","background-attachment":"scroll","background-type":"","background-media":"","overlay-type":"","overlay-color":"","overlay-gradient":""},"mobile":{"background-color":"","background-image":"","background-repeat":"repeat","background-position":"center center","background-size":"auto","background-attachment":"scroll","background-type":"","background-media":"","overlay-type":"","overlay-color":"","overlay-gradient":""}},"ast-content-background-meta":{"desktop":{"background-color":"var(--ast-global-color-5)","background-image":"","background-repeat":"repeat","background-position":"center center","background-size":"auto","background-attachment":"scroll","background-type":"","background-media":"","overlay-type":"","overlay-color":"","overlay-gradient":""},"tablet":{"background-color":"var(--ast-global-color-5)","background-image":"","background-repeat":"repeat","background-position":"center center","background-size":"auto","background-attachment":"scroll","background-type":"","background-media":"","overlay-type":"","overlay-color":"","overlay-gradient":""},"mobile":{"background-color":"var(--ast-global-color-5)","background-image":"","background-repeat":"repeat","background-position":"center center","background-size":"auto","background-attachment":"scroll","background-type":"","background-media":"","overlay-type":"","overlay-color":"","overlay-gradient":""}},"footnotes":""},"categories":[208,316],"tags":[157,27],"_links":{"self":[{"href":"https:\/\/www.taxi-agentur.de\/index.php\/wp-json\/wp\/v2\/posts\/872"}],"collection":[{"href":"https:\/\/www.taxi-agentur.de\/index.php\/wp-json\/wp\/v2\/posts"}],"about":[{"href":"https:\/\/www.taxi-agentur.de\/index.php\/wp-json\/wp\/v2\/types\/post"}],"author":[{"embeddable":true,"href":"https:\/\/www.taxi-agentur.de\/index.php\/wp-json\/wp\/v2\/users\/3"}],"replies":[{"embeddable":true,"href":"https:\/\/www.taxi-agentur.de\/index.php\/wp-json\/wp\/v2\/comments?post=872"}],"version-history":[{"count":1,"href":"https:\/\/www.taxi-agentur.de\/index.php\/wp-json\/wp\/v2\/posts\/872\/revisions"}],"predecessor-version":[{"id":873,"href":"https:\/\/www.taxi-agentur.de\/index.php\/wp-json\/wp\/v2\/posts\/872\/revisions\/873"}],"wp:attachment":[{"href":"https:\/\/www.taxi-agentur.de\/index.php\/wp-json\/wp\/v2\/media?parent=872"}],"wp:term":[{"taxonomy":"category","embeddable":true,"href":"https:\/\/www.taxi-agentur.de\/index.php\/wp-json\/wp\/v2\/categories?post=872"},{"taxonomy":"post_tag","embeddable":true,"href":"https:\/\/www.taxi-agentur.de\/index.php\/wp-json\/wp\/v2\/tags?post=872"}],"curies":[{"name":"wp","href":"https:\/\/api.w.org\/{rel}","templated":true}]}}