{"id":841,"date":"2019-04-11T18:30:08","date_gmt":"2019-04-11T16:30:08","guid":{"rendered":"https:\/\/www.taxi-agentur.de\/?p=841"},"modified":"2019-09-21T18:31:13","modified_gmt":"2019-09-21T16:31:13","slug":"ein-weiterer-hoellischer-donnerstag-fuer-den-verkehr-es-wird-einen-marsch-von-taxifahrern-und-mehrere-abschneidungen-im-zentrum-geben","status":"publish","type":"post","link":"https:\/\/www.taxi-agentur.de\/index.php\/2019\/04\/11\/ein-weiterer-hoellischer-donnerstag-fuer-den-verkehr-es-wird-einen-marsch-von-taxifahrern-und-mehrere-abschneidungen-im-zentrum-geben\/","title":{"rendered":"Ein weiterer h\u00f6llischer Donnerstag f\u00fcr den Verkehr: Es wird einen Marsch von Taxifahrern und mehrere Abschneidungen im Zentrum geben&#8220;"},"content":{"rendered":"<p><img loading=\"lazy\" decoding=\"async\" class=\"size-thumbnail wp-image-155 alignleft\" src=\"https:\/\/www.taxi-agentur.de\/wp-content\/uploads\/2019\/09\/resistance-150x150.png\" alt=\"\" width=\"150\" height=\"150\" srcset=\"https:\/\/www.taxi-agentur.de\/wp-content\/uploads\/2019\/09\/resistance-150x150.png 150w, https:\/\/www.taxi-agentur.de\/wp-content\/uploads\/2019\/09\/resistance.png 200w\" sizes=\"(max-width: 150px) 100vw, 150px\" \/><\/p>\n<p>2019-04-11 <a href=\"https:\/\/www.clarin.com\/ciudades\/jueves-infernal-transito-marcha-taxistas-varios-cortes-centro_0_I9XNUaow7.html\" target=\"_blank\" rel=\"noopener noreferrer\"><strong><span style=\"color: #99cc00;\">Buenos Aires<\/span>: Taxi-Gewerkschaften legen gemeinsam das Stadtzentrum f\u00fcr zwei Tage gegen Ubers illegale Machenschaften lahm. Die Kapitalisten-Zeitung &#8222;Clarin&#8220; jammert: Otro jueves infernal para el tr\u00e1nsito: habr\u00e1 una marcha de taxistas y varios cortes en el Centro<\/strong><\/a> <em>(spanisch, Clarin, &#8222;Ein weiterer h\u00f6llischer Donnerstag f\u00fcr den Verkehr: Es wird einen Marsch von Taxifahrern und mehrere Abschneidungen im Zentrum geben&#8220;)<\/em><\/p>\n","protected":false},"excerpt":{"rendered":"<p>2019-04-11 Buenos Aires: Taxi-Gewerkschaften legen gemeinsam das Stadtzentrum f\u00fcr zwei Tage gegen Ubers illegale Machenschaften lahm. Die Kapitalisten-Zeitung &#8222;Clarin&#8220; jammert: Otro jueves infernal para el tr\u00e1nsito: habr\u00e1 una marcha de taxistas y varios cortes en el Centro (spanisch, Clarin, &#8222;Ein weiterer h\u00f6llischer Donnerstag f\u00fcr den Verkehr: Es wird einen Marsch von Taxifahrern und mehrere Abschneidungen [&hellip;]<\/p>\n","protected":false},"author":3,"featured_media":0,"comment_status":"closed","ping_status":"closed","sticky":false,"template":"","format":"standard","meta":{"site-sidebar-layout":"default","site-content-layout":"default","ast-site-content-layout":"","site-content-style":"default","site-sidebar-style":"default","ast-global-header-display":"","ast-banner-title-visibility":"","ast-main-header-display":"","ast-hfb-above-header-display":"","ast-hfb-below-header-display":"","ast-hfb-mobile-header-display":"","site-post-title":"","ast-breadcrumbs-content":"","ast-featured-img":"","footer-sml-layout":"","theme-transparent-header-meta":"default","adv-header-id-meta":"","stick-header-meta":"","header-above-stick-meta":"","header-main-stick-meta":"","header-below-stick-meta":"","astra-migrate-meta-layouts":"default","ast-page-background-enabled":"default","ast-page-background-meta":{"desktop":{"background-color":"","background-image":"","background-repeat":"repeat","background-position":"center center","background-size":"auto","background-attachment":"scroll","background-type":"","background-media":"","overlay-type":"","overlay-color":"","overlay-gradient":""},"tablet":{"background-color":"","background-image":"","background-repeat":"repeat","background-position":"center center","background-size":"auto","background-attachment":"scroll","background-type":"","background-media":"","overlay-type":"","overlay-color":"","overlay-gradient":""},"mobile":{"background-color":"","background-image":"","background-repeat":"repeat","background-position":"center center","background-size":"auto","background-attachment":"scroll","background-type":"","background-media":"","overlay-type":"","overlay-color":"","overlay-gradient":""}},"ast-content-background-meta":{"desktop":{"background-color":"var(--ast-global-color-5)","background-image":"","background-repeat":"repeat","background-position":"center center","background-size":"auto","background-attachment":"scroll","background-type":"","background-media":"","overlay-type":"","overlay-color":"","overlay-gradient":""},"tablet":{"background-color":"var(--ast-global-color-5)","background-image":"","background-repeat":"repeat","background-position":"center center","background-size":"auto","background-attachment":"scroll","background-type":"","background-media":"","overlay-type":"","overlay-color":"","overlay-gradient":""},"mobile":{"background-color":"var(--ast-global-color-5)","background-image":"","background-repeat":"repeat","background-position":"center center","background-size":"auto","background-attachment":"scroll","background-type":"","background-media":"","overlay-type":"","overlay-color":"","overlay-gradient":""}},"footnotes":""},"categories":[227,305,119,76,5,70],"tags":[128,120,77,21,73],"_links":{"self":[{"href":"https:\/\/www.taxi-agentur.de\/index.php\/wp-json\/wp\/v2\/posts\/841"}],"collection":[{"href":"https:\/\/www.taxi-agentur.de\/index.php\/wp-json\/wp\/v2\/posts"}],"about":[{"href":"https:\/\/www.taxi-agentur.de\/index.php\/wp-json\/wp\/v2\/types\/post"}],"author":[{"embeddable":true,"href":"https:\/\/www.taxi-agentur.de\/index.php\/wp-json\/wp\/v2\/users\/3"}],"replies":[{"embeddable":true,"href":"https:\/\/www.taxi-agentur.de\/index.php\/wp-json\/wp\/v2\/comments?post=841"}],"version-history":[{"count":1,"href":"https:\/\/www.taxi-agentur.de\/index.php\/wp-json\/wp\/v2\/posts\/841\/revisions"}],"predecessor-version":[{"id":842,"href":"https:\/\/www.taxi-agentur.de\/index.php\/wp-json\/wp\/v2\/posts\/841\/revisions\/842"}],"wp:attachment":[{"href":"https:\/\/www.taxi-agentur.de\/index.php\/wp-json\/wp\/v2\/media?parent=841"}],"wp:term":[{"taxonomy":"category","embeddable":true,"href":"https:\/\/www.taxi-agentur.de\/index.php\/wp-json\/wp\/v2\/categories?post=841"},{"taxonomy":"post_tag","embeddable":true,"href":"https:\/\/www.taxi-agentur.de\/index.php\/wp-json\/wp\/v2\/tags?post=841"}],"curies":[{"name":"wp","href":"https:\/\/api.w.org\/{rel}","templated":true}]}}