{"id":576,"date":"2019-05-17T20:00:40","date_gmt":"2019-05-17T18:00:40","guid":{"rendered":"https:\/\/www.taxi-agentur.de\/?p=576"},"modified":"2020-05-31T19:05:33","modified_gmt":"2020-05-31T17:05:33","slug":"gewerkschaftsuebergreifender-brief-an-den-premierminister","status":"publish","type":"post","link":"https:\/\/www.taxi-agentur.de\/index.php\/2019\/05\/17\/gewerkschaftsuebergreifender-brief-an-den-premierminister\/","title":{"rendered":"Gewerkschafts\u00fcbergreifender Brief an den Premierminister"},"content":{"rendered":"<p style=\"text-align: justify;\"><img loading=\"lazy\" decoding=\"async\" class=\"alignleft wp-image-4467 size-medium\" src=\"https:\/\/www.taxi-agentur.de\/wp-content\/uploads\/2020\/05\/Uber_Macron-300x198.jpeg\" alt=\"\" width=\"300\" height=\"198\" srcset=\"https:\/\/www.taxi-agentur.de\/wp-content\/uploads\/2020\/05\/Uber_Macron-300x198.jpeg 300w, https:\/\/www.taxi-agentur.de\/wp-content\/uploads\/2020\/05\/Uber_Macron.jpeg 599w\" sizes=\"(max-width: 300px) 100vw, 300px\" \/>2019-05-17 <strong><span style=\"color: #99cc00;\">Frankreich<\/span>: Dicke Luft wegen <a href=\"https:\/\/u-n-t.fr\/lettre-premier-ministre-intersyndicale-taxis\/\" target=\"_blank\" rel=\"noopener noreferrer\">des geplanten LOM-Gesetzes<\/a> (Gesetzesentwurf zur Ausrichtung der Mobilit\u00e4t) Die franz\u00f6sischen Taxigewerkschaften taten sich zusammen und schickten dem Premierminister Edouard Phillipe am 15. Mai ein Ultimatum. Hier unsere \u00dcbersetzung:<\/strong><\/p>\n<p><em><strong>Gewerkschafts\u00fcbergreifender Brief an den Premierminister<\/strong><\/em><\/p>\n<p><em><strong>Herr Premierminister,<\/strong><\/em><\/p>\n<p><em><strong>Im Rahmen der Pr\u00fcfung des LOM-Gesetzes (<a href=\"http:\/\/www.unionroutiere.fr\/actualite\/projet-de-loi-dorientation-mobilites-lom\/\" target=\"_blank\" rel=\"noopener noreferrer\">projet de loi d&#8217;orientation des mobilit\u00e9s<\/a>) durch die Parlamentarier haben wir Sie und die Verkehrsministerin darum gebeten mit Besinnung zu verfahren, bevor unser Berufsstand allgemein in Bewegung versetzt wird.<\/strong><\/em><br \/>\n<em><strong>Tats\u00e4chlich sind Ihnen die Auswirkungen bestimmter Artikel dieses Gesetzes auf die \u00dcberlebensf\u00e4higkeit der 60.000 Unternehmen unserer Branche sowie der 30.000 betroffenen Arbeitspl\u00e4tze nicht unbekannt.<\/strong><\/em><\/p>\n<p><!--more--><br \/>\n<em><strong>Die einzige Antwort, die wir bisher von der Verkehrsministerin erhalten haben, ist ein z\u00fcgiges Treffen vor einer Sitzung in Br\u00fcssel am Freitag, den 17. Mai 2019 um 9.00 Uhr. Wir verstehen die eingeschr\u00e4nkten Tagesordnungen, glauben aber aufrichtig, dass wir etwas Besseres verdienen.<\/strong><\/em><br \/>\n<em><strong>Herr Premierminister, es scheint, dass wir die wirtschaftlichen Interessen dieses Gesetzes \u00fcber unseren Beruf nicht vollst\u00e4ndig verstanden haben, obwohl das Taxi, wie Sie wissen, ein wesentlicher Akteur in der territorialen Dynamik ist.<\/strong><\/em><br \/>\n<em><strong>Dar\u00fcber hinaus r\u00e4umt der Pr\u00e4sident der Republik durch die Gew\u00e4hrung einer Sondersitzung f\u00fcr den Pr\u00e4sidenten von Uber, Herrn Dara Khosrowshahi, den VTCs ungerechtfertigte Bedeutung ein, weshalb wir das Gef\u00fchl haben, v\u00f6llig ignoriert zu werden, um nicht zu sagen, da\u00df das leichtsinnig ist. Bis zum Beweis des Gegenteils zahlen unsere Unternehmen ihre Ausgaben und Steuern in Frankreich, was bei der Firma Uber nicht der Fall ist, es sei denn, wir irren uns.<\/strong><\/em><br \/>\n<em><strong>W\u00fcnschen Sie, Herr Premierminister, dass diese Situation zu einer unbefristeten Blockade der strategischen Punkte unseres Landes (Flugh\u00e4fen, Umgehungsm\u00f6glichkeiten, Bahnh\u00f6fe usw.) und damit zu einer explosiven und schwer zu kontrollierenden Situation f\u00fchren w\u00fcrde?<\/strong><\/em><br \/>\n<em><strong>Angesichts des derzeitigen Kontextes halten wir es jedoch nicht f\u00fcr sinnvoll, eine solche Protestbewegung zu erzeugen.<\/strong><\/em><br \/>\n<em><strong>Deshalb bitten wir Sie, Herr Premierminister, so schnell wie m\u00f6glich eine Konsultationssitzung abzuhalten. Cyrille JULLIEN, Projektmanager, steht Ihnen f\u00fcr die Durchf\u00fchrung Ihrer Ma\u00dfnahmen f\u00fcr Letzteres zur Verf\u00fcgung. Sie k\u00f6nnen ihn unter 6.22.42.90.06 oder 01.43.71.13.58 erreichen.<\/strong><\/em><br \/>\n<em><strong>Wir danken Ihnen f\u00fcr Ihre freundliche Aufmerksamkeit f\u00fcr diesen Brief&#8230;.,<\/strong><\/em><\/p>\n<p><em><strong>Mit unserer vorz\u00fcglichen Hochachtung, Herr Premierminister <\/strong><\/em><em>(franz\u00f6sisch, Union Nationale Des Taxis u.a.)\u25ca<strong><br \/>\n<\/strong><\/em><\/p>\n","protected":false},"excerpt":{"rendered":"<p>2019-05-17 Frankreich: Dicke Luft wegen des geplanten LOM-Gesetzes (Gesetzesentwurf zur Ausrichtung der Mobilit\u00e4t) Die franz\u00f6sischen Taxigewerkschaften taten sich zusammen und schickten dem Premierminister Edouard Phillipe am 15. Mai ein Ultimatum. Hier unsere \u00dcbersetzung: Gewerkschafts\u00fcbergreifender Brief an den Premierminister Herr Premierminister, Im Rahmen der Pr\u00fcfung des LOM-Gesetzes (projet de loi d&#8217;orientation des mobilit\u00e9s) durch die Parlamentarier [&hellip;]<\/p>\n","protected":false},"author":4,"featured_media":0,"comment_status":"closed","ping_status":"closed","sticky":false,"template":"","format":"standard","meta":{"site-sidebar-layout":"default","site-content-layout":"default","ast-site-content-layout":"","site-content-style":"default","site-sidebar-style":"default","ast-global-header-display":"","ast-banner-title-visibility":"","ast-main-header-display":"","ast-hfb-above-header-display":"","ast-hfb-below-header-display":"","ast-hfb-mobile-header-display":"","site-post-title":"","ast-breadcrumbs-content":"","ast-featured-img":"","footer-sml-layout":"","theme-transparent-header-meta":"default","adv-header-id-meta":"","stick-header-meta":"","header-above-stick-meta":"","header-main-stick-meta":"","header-below-stick-meta":"","astra-migrate-meta-layouts":"default","ast-page-background-enabled":"default","ast-page-background-meta":{"desktop":{"background-color":"","background-image":"","background-repeat":"repeat","background-position":"center center","background-size":"auto","background-attachment":"scroll","background-type":"","background-media":"","overlay-type":"","overlay-color":"","overlay-gradient":""},"tablet":{"background-color":"","background-image":"","background-repeat":"repeat","background-position":"center center","background-size":"auto","background-attachment":"scroll","background-type":"","background-media":"","overlay-type":"","overlay-color":"","overlay-gradient":""},"mobile":{"background-color":"","background-image":"","background-repeat":"repeat","background-position":"center center","background-size":"auto","background-attachment":"scroll","background-type":"","background-media":"","overlay-type":"","overlay-color":"","overlay-gradient":""}},"ast-content-background-meta":{"desktop":{"background-color":"var(--ast-global-color-5)","background-image":"","background-repeat":"repeat","background-position":"center center","background-size":"auto","background-attachment":"scroll","background-type":"","background-media":"","overlay-type":"","overlay-color":"","overlay-gradient":""},"tablet":{"background-color":"var(--ast-global-color-5)","background-image":"","background-repeat":"repeat","background-position":"center center","background-size":"auto","background-attachment":"scroll","background-type":"","background-media":"","overlay-type":"","overlay-color":"","overlay-gradient":""},"mobile":{"background-color":"var(--ast-global-color-5)","background-image":"","background-repeat":"repeat","background-position":"center center","background-size":"auto","background-attachment":"scroll","background-type":"","background-media":"","overlay-type":"","overlay-color":"","overlay-gradient":""}},"footnotes":""},"categories":[156,219,218,119,17],"tags":[157,27,120,18],"_links":{"self":[{"href":"https:\/\/www.taxi-agentur.de\/index.php\/wp-json\/wp\/v2\/posts\/576"}],"collection":[{"href":"https:\/\/www.taxi-agentur.de\/index.php\/wp-json\/wp\/v2\/posts"}],"about":[{"href":"https:\/\/www.taxi-agentur.de\/index.php\/wp-json\/wp\/v2\/types\/post"}],"author":[{"embeddable":true,"href":"https:\/\/www.taxi-agentur.de\/index.php\/wp-json\/wp\/v2\/users\/4"}],"replies":[{"embeddable":true,"href":"https:\/\/www.taxi-agentur.de\/index.php\/wp-json\/wp\/v2\/comments?post=576"}],"version-history":[{"count":3,"href":"https:\/\/www.taxi-agentur.de\/index.php\/wp-json\/wp\/v2\/posts\/576\/revisions"}],"predecessor-version":[{"id":4468,"href":"https:\/\/www.taxi-agentur.de\/index.php\/wp-json\/wp\/v2\/posts\/576\/revisions\/4468"}],"wp:attachment":[{"href":"https:\/\/www.taxi-agentur.de\/index.php\/wp-json\/wp\/v2\/media?parent=576"}],"wp:term":[{"taxonomy":"category","embeddable":true,"href":"https:\/\/www.taxi-agentur.de\/index.php\/wp-json\/wp\/v2\/categories?post=576"},{"taxonomy":"post_tag","embeddable":true,"href":"https:\/\/www.taxi-agentur.de\/index.php\/wp-json\/wp\/v2\/tags?post=576"}],"curies":[{"name":"wp","href":"https:\/\/api.w.org\/{rel}","templated":true}]}}