{"id":525,"date":"2019-07-14T05:08:57","date_gmt":"2019-07-14T03:08:57","guid":{"rendered":"https:\/\/www.taxi-agentur.de\/?p=525"},"modified":"2020-05-31T19:20:15","modified_gmt":"2020-05-31T17:20:15","slug":"es-gibt-nichts-gutes-ausser-man-tut-es","status":"publish","type":"post","link":"https:\/\/www.taxi-agentur.de\/index.php\/2019\/07\/14\/es-gibt-nichts-gutes-ausser-man-tut-es\/","title":{"rendered":"Es gibt nichts Gutes, au\u00dfer man tut es"},"content":{"rendered":"<p><a href=\"https:\/\/taxi-innung.de\/2019\/07\/14\/es-gibt-nichts-gutes-ausser-man-tut-es\/\" target=\"_blank\" rel=\"noopener noreferrer\"><img loading=\"lazy\" decoding=\"async\" class=\"alignleft wp-image-80 size-thumbnail\" src=\"https:\/\/www.taxi-agentur.de\/wp-content\/uploads\/2019\/09\/Taxiquadrat-150x150.jpg\" alt=\"\" width=\"150\" height=\"150\" srcset=\"https:\/\/www.taxi-agentur.de\/wp-content\/uploads\/2019\/09\/Taxiquadrat-150x150.jpg 150w, https:\/\/www.taxi-agentur.de\/wp-content\/uploads\/2019\/09\/Taxiquadrat-300x300.jpg 300w, https:\/\/www.taxi-agentur.de\/wp-content\/uploads\/2019\/09\/Taxiquadrat.jpg 670w\" sizes=\"(max-width: 150px) 100vw, 150px\" \/><\/a><\/p>\n<p>Neu auf taxi-innung.de:<\/p>\n<p><i><b>Gedanken im Anschluss an die Lekt\u00fcre des Artikels in der Taxi Times \u00fcber das Treffen der Taxibranche mit dem Chef der Berliner Senatskanzlei G\u00e4bler: Der Schlusssatz des Artikels <a href=\"https:\/\/taxi-innung.de\/2019\/07\/14\/es-gibt-nichts-gutes-ausser-man-tut-es\/\" target=\"_blank\" rel=\"noopener noreferrer\">&#8222;Ein konkretes Zeitfenster wurde allerdings nicht vereinbart.&#8220;<\/a>, erscheint symptomatisch f\u00fcr die Situation in Berlin.<\/b><\/i><\/p>\n<p>&nbsp;<\/p>\n","protected":false},"excerpt":{"rendered":"<p>Neu auf taxi-innung.de: Gedanken im Anschluss an die Lekt\u00fcre des Artikels in der Taxi Times \u00fcber das Treffen der Taxibranche mit dem Chef der Berliner Senatskanzlei G\u00e4bler: Der Schlusssatz des Artikels &#8222;Ein konkretes Zeitfenster wurde allerdings nicht vereinbart.&#8220;, erscheint symptomatisch f\u00fcr die Situation in Berlin. &nbsp;<\/p>\n","protected":false},"author":4,"featured_media":0,"comment_status":"closed","ping_status":"closed","sticky":false,"template":"","format":"standard","meta":{"site-sidebar-layout":"default","site-content-layout":"default","ast-site-content-layout":"","site-content-style":"default","site-sidebar-style":"default","ast-global-header-display":"","ast-banner-title-visibility":"","ast-main-header-display":"","ast-hfb-above-header-display":"","ast-hfb-below-header-display":"","ast-hfb-mobile-header-display":"","site-post-title":"","ast-breadcrumbs-content":"","ast-featured-img":"","footer-sml-layout":"","theme-transparent-header-meta":"default","adv-header-id-meta":"","stick-header-meta":"","header-above-stick-meta":"","header-main-stick-meta":"","header-below-stick-meta":"","astra-migrate-meta-layouts":"default","ast-page-background-enabled":"default","ast-page-background-meta":{"desktop":{"background-color":"","background-image":"","background-repeat":"repeat","background-position":"center center","background-size":"auto","background-attachment":"scroll","background-type":"","background-media":"","overlay-type":"","overlay-color":"","overlay-gradient":""},"tablet":{"background-color":"","background-image":"","background-repeat":"repeat","background-position":"center center","background-size":"auto","background-attachment":"scroll","background-type":"","background-media":"","overlay-type":"","overlay-color":"","overlay-gradient":""},"mobile":{"background-color":"","background-image":"","background-repeat":"repeat","background-position":"center center","background-size":"auto","background-attachment":"scroll","background-type":"","background-media":"","overlay-type":"","overlay-color":"","overlay-gradient":""}},"ast-content-background-meta":{"desktop":{"background-color":"var(--ast-global-color-5)","background-image":"","background-repeat":"repeat","background-position":"center center","background-size":"auto","background-attachment":"scroll","background-type":"","background-media":"","overlay-type":"","overlay-color":"","overlay-gradient":""},"tablet":{"background-color":"var(--ast-global-color-5)","background-image":"","background-repeat":"repeat","background-position":"center center","background-size":"auto","background-attachment":"scroll","background-type":"","background-media":"","overlay-type":"","overlay-color":"","overlay-gradient":""},"mobile":{"background-color":"var(--ast-global-color-5)","background-image":"","background-repeat":"repeat","background-position":"center center","background-size":"auto","background-attachment":"scroll","background-type":"","background-media":"","overlay-type":"","overlay-color":"","overlay-gradient":""}},"footnotes":""},"categories":[156,89,23,119],"tags":[157,91,27],"_links":{"self":[{"href":"https:\/\/www.taxi-agentur.de\/index.php\/wp-json\/wp\/v2\/posts\/525"}],"collection":[{"href":"https:\/\/www.taxi-agentur.de\/index.php\/wp-json\/wp\/v2\/posts"}],"about":[{"href":"https:\/\/www.taxi-agentur.de\/index.php\/wp-json\/wp\/v2\/types\/post"}],"author":[{"embeddable":true,"href":"https:\/\/www.taxi-agentur.de\/index.php\/wp-json\/wp\/v2\/users\/4"}],"replies":[{"embeddable":true,"href":"https:\/\/www.taxi-agentur.de\/index.php\/wp-json\/wp\/v2\/comments?post=525"}],"version-history":[{"count":3,"href":"https:\/\/www.taxi-agentur.de\/index.php\/wp-json\/wp\/v2\/posts\/525\/revisions"}],"predecessor-version":[{"id":4476,"href":"https:\/\/www.taxi-agentur.de\/index.php\/wp-json\/wp\/v2\/posts\/525\/revisions\/4476"}],"wp:attachment":[{"href":"https:\/\/www.taxi-agentur.de\/index.php\/wp-json\/wp\/v2\/media?parent=525"}],"wp:term":[{"taxonomy":"category","embeddable":true,"href":"https:\/\/www.taxi-agentur.de\/index.php\/wp-json\/wp\/v2\/categories?post=525"},{"taxonomy":"post_tag","embeddable":true,"href":"https:\/\/www.taxi-agentur.de\/index.php\/wp-json\/wp\/v2\/tags?post=525"}],"curies":[{"name":"wp","href":"https:\/\/api.w.org\/{rel}","templated":true}]}}