{"id":484,"date":"2019-06-14T20:00:29","date_gmt":"2019-06-14T18:00:29","guid":{"rendered":"https:\/\/www.taxi-agentur.de\/?p=484"},"modified":"2019-09-19T14:30:49","modified_gmt":"2019-09-19T12:30:49","slug":"im-zeitalter-des-ueberwachungskapitalismus","status":"publish","type":"post","link":"https:\/\/www.taxi-agentur.de\/index.php\/2019\/06\/14\/im-zeitalter-des-ueberwachungskapitalismus\/","title":{"rendered":"&#8222;Im Zeitalter des \u00dcberwachungskapitalismus&#8220;"},"content":{"rendered":"<p><img loading=\"lazy\" decoding=\"async\" class=\"size-thumbnail wp-image-88 alignleft\" src=\"https:\/\/www.taxi-agentur.de\/wp-content\/uploads\/2019\/09\/bigdata-150x150.png\" alt=\"\" width=\"150\" height=\"150\" srcset=\"https:\/\/www.taxi-agentur.de\/wp-content\/uploads\/2019\/09\/bigdata-150x150.png 150w, https:\/\/www.taxi-agentur.de\/wp-content\/uploads\/2019\/09\/bigdata.png 200w\" sizes=\"(max-width: 150px) 100vw, 150px\" \/><\/p>\n<p>2019-06-14 <a href=\"https:\/\/netzpolitik.org\/2019\/im-zeitalter-des-ueberwachungskapitalismus\/\" target=\"_blank\" rel=\"noopener noreferrer\"><strong>Wir hatten das letztes Jahr bereits im Ticker. Inzwischen hat man offenbar sogar bei der &#8222;Bundeszentrale f\u00fcr politische Bildung&#8220; aufgehorcht. Das Problem mit der illegalen Privatisierung &#8222;unserer&#8220; Abteilung des \u00d6PNV kommt im Gewande der Digitalisierung, auf die die politische Klasse als auch das Bildungsb\u00fcrgertum ja so scharf zu sein scheint. Sie m\u00f6chten ja so gerne &#8222;kontrollieren&#8220;. Da\u00df auch eben genau diese Gruppendarsteller so mit &#8222;einget\u00fctet&#8220; werden d\u00fcrften, scheint ihnen gar nicht bewu\u00dft zu sein. Auf die kalte Dusche, die auch auf sie zukommt, k\u00f6nnten sie sich vorbereiten, indem sie z.B. Frau Zuboffs Buch lesen. Die stumpfe Arroganz und Br\u00e4sigkeit der PolitikerInnen, die uns mit ihrer Doppelz\u00fcngigkeit nun doch verraten und an die Geldbesitzer verkaufen wollen &#8211; und eine wichtige Funktion eines souver\u00e4nen Staatswesens gleich mit, wird ihnen bald auf die F\u00fc\u00dfe fallen. Ob die aktuellen Gewerbevertreter mit ihrer ganz offenbar unzureichend vernetzt vorbereiteten, etwas r\u00fchrig anmutenden &#8222;Eiserner Gustav Tour&#8220; sich dessen bewu\u00dft sind, darf infrage gestellt werden. Wer so eine gut gepflegte Adressdatenbank hat, kann im Informationszeitalter on-the-fly Solidarit\u00e4t zusammentrommeln! Oppermann ist Gesch\u00e4ftsf\u00fchrer des Bundesverbandes in spe? Soll er sich an den Rechner setzen und die Solidarit\u00e4t organisieren. So als Sprecher. Noch schlimmer jedoch ist der komplette Ausfall zur Sache bei denen, die sich w\u00e4hnen, &#8222;Gewerkschaft&#8220; zu sein! Wo ist denn Eure internationale Vernetzung mit schlagkr\u00e4ftigeren Taxivertretungen? Wartet ihr darauf, da\u00df wir Euch diese wichtige Arbeit auch noch abnehmen? Schon kapiert: Wir wollen das, also tun wir&#8217;s! Weil Ihr nicht einmal von selber darauf kommt! Euer Schatten ist der eines von Karl Kraus beschriebenen! N\u00fcscht k\u00f6nnta selba! Lauschen wir also mal Frau Zuboff: &#8222;Der Historiker Karl Polanyi sah 1944 in seiner grandiosen Abhandlung \u201eThe Great Transformation\u201c die Urspr\u00fcnge einer sich selbst regulierenden Marktwirtschaft in drei ebenso erstaunlichen wie kritischen Erfindungen, die er als \u201eWarenfiktionen\u201c bezeichnete. Die erste davon war, dass unser Menschenleben sich der Marktdynamik unterordnen und \u2013 als \u201eArbeit\u201c wiedergeboren \u2013 kaufen beziehungsweise verkaufen l\u00e4sst. Die zweite war, dass Natur sich \u2013 als \u201eLand\u201c oder \u201eGrundbesitz\u201c wiedergeboren \u2013 auf den Markt \u201ebringen\u201c l\u00e4sst. Die dritte bestand darin, dass Austausch als \u201eGeld\u201c wiedergeboren werden kann. Das Zeitalter des \u00dcberwachungskapitalismus hat seinen Ursprung in einer gar noch verbl\u00fcffenderen und k\u00fchneren Erfindung: Er erkl\u00e4rt Erfahrungen von Privatmenschen zum kostenlosen Rohstoff f\u00fcr Produktion und Verkauf&#8220;. &#8211; Im Zeitalter des \u00dcberwachungskapitalismus<\/strong><\/a> <em>(deutsch, Netzpolitik, &#8222;In the Age of Surveillance Capitalism&#8220;)<\/em><\/p>\n","protected":false},"excerpt":{"rendered":"<p>2019-06-14 Wir hatten das letztes Jahr bereits im Ticker. Inzwischen hat man offenbar sogar bei der &#8222;Bundeszentrale f\u00fcr politische Bildung&#8220; aufgehorcht. Das Problem mit der illegalen Privatisierung &#8222;unserer&#8220; Abteilung des \u00d6PNV kommt im Gewande der Digitalisierung, auf die die politische Klasse als auch das Bildungsb\u00fcrgertum ja so scharf zu sein scheint. Sie m\u00f6chten ja so [&hellip;]<\/p>\n","protected":false},"author":3,"featured_media":0,"comment_status":"closed","ping_status":"closed","sticky":false,"template":"","format":"standard","meta":{"site-sidebar-layout":"default","site-content-layout":"default","ast-site-content-layout":"","site-content-style":"default","site-sidebar-style":"default","ast-global-header-display":"","ast-banner-title-visibility":"","ast-main-header-display":"","ast-hfb-above-header-display":"","ast-hfb-below-header-display":"","ast-hfb-mobile-header-display":"","site-post-title":"","ast-breadcrumbs-content":"","ast-featured-img":"","footer-sml-layout":"","theme-transparent-header-meta":"default","adv-header-id-meta":"","stick-header-meta":"","header-above-stick-meta":"","header-main-stick-meta":"","header-below-stick-meta":"","astra-migrate-meta-layouts":"default","ast-page-background-enabled":"default","ast-page-background-meta":{"desktop":{"background-color":"","background-image":"","background-repeat":"repeat","background-position":"center center","background-size":"auto","background-attachment":"scroll","background-type":"","background-media":"","overlay-type":"","overlay-color":"","overlay-gradient":""},"tablet":{"background-color":"","background-image":"","background-repeat":"repeat","background-position":"center center","background-size":"auto","background-attachment":"scroll","background-type":"","background-media":"","overlay-type":"","overlay-color":"","overlay-gradient":""},"mobile":{"background-color":"","background-image":"","background-repeat":"repeat","background-position":"center center","background-size":"auto","background-attachment":"scroll","background-type":"","background-media":"","overlay-type":"","overlay-color":"","overlay-gradient":""}},"ast-content-background-meta":{"desktop":{"background-color":"var(--ast-global-color-5)","background-image":"","background-repeat":"repeat","background-position":"center center","background-size":"auto","background-attachment":"scroll","background-type":"","background-media":"","overlay-type":"","overlay-color":"","overlay-gradient":""},"tablet":{"background-color":"var(--ast-global-color-5)","background-image":"","background-repeat":"repeat","background-position":"center center","background-size":"auto","background-attachment":"scroll","background-type":"","background-media":"","overlay-type":"","overlay-color":"","overlay-gradient":""},"mobile":{"background-color":"var(--ast-global-color-5)","background-image":"","background-repeat":"repeat","background-position":"center center","background-size":"auto","background-attachment":"scroll","background-type":"","background-media":"","overlay-type":"","overlay-color":"","overlay-gradient":""}},"footnotes":""},"categories":[156,23,124,141,205,119,69],"tags":[157,126,27,120,143],"_links":{"self":[{"href":"https:\/\/www.taxi-agentur.de\/index.php\/wp-json\/wp\/v2\/posts\/484"}],"collection":[{"href":"https:\/\/www.taxi-agentur.de\/index.php\/wp-json\/wp\/v2\/posts"}],"about":[{"href":"https:\/\/www.taxi-agentur.de\/index.php\/wp-json\/wp\/v2\/types\/post"}],"author":[{"embeddable":true,"href":"https:\/\/www.taxi-agentur.de\/index.php\/wp-json\/wp\/v2\/users\/3"}],"replies":[{"embeddable":true,"href":"https:\/\/www.taxi-agentur.de\/index.php\/wp-json\/wp\/v2\/comments?post=484"}],"version-history":[{"count":1,"href":"https:\/\/www.taxi-agentur.de\/index.php\/wp-json\/wp\/v2\/posts\/484\/revisions"}],"predecessor-version":[{"id":485,"href":"https:\/\/www.taxi-agentur.de\/index.php\/wp-json\/wp\/v2\/posts\/484\/revisions\/485"}],"wp:attachment":[{"href":"https:\/\/www.taxi-agentur.de\/index.php\/wp-json\/wp\/v2\/media?parent=484"}],"wp:term":[{"taxonomy":"category","embeddable":true,"href":"https:\/\/www.taxi-agentur.de\/index.php\/wp-json\/wp\/v2\/categories?post=484"},{"taxonomy":"post_tag","embeddable":true,"href":"https:\/\/www.taxi-agentur.de\/index.php\/wp-json\/wp\/v2\/tags?post=484"}],"curies":[{"name":"wp","href":"https:\/\/api.w.org\/{rel}","templated":true}]}}