{"id":3288,"date":"2020-02-22T08:42:40","date_gmt":"2020-02-22T07:42:40","guid":{"rendered":"https:\/\/www.taxi-agentur.de\/?p=3288"},"modified":"2020-05-31T23:42:59","modified_gmt":"2020-05-31T21:42:59","slug":"uber-gringos-zurueck-in-kolumbien-taxigewerkschaft-kuendigt-streik-an","status":"publish","type":"post","link":"https:\/\/www.taxi-agentur.de\/index.php\/2020\/02\/22\/uber-gringos-zurueck-in-kolumbien-taxigewerkschaft-kuendigt-streik-an\/","title":{"rendered":"Uber-Gringos zur\u00fcck in Kolumbien: Taxigewerkschaft k\u00fcndigt Streik an"},"content":{"rendered":"<p><img loading=\"lazy\" decoding=\"async\" class=\"alignleft wp-image-542 size-thumbnail\" src=\"https:\/\/www.taxi-agentur.de\/wp-content\/uploads\/2019\/09\/resistance1427663-200-150x150.png\" alt=\"\" width=\"150\" height=\"150\" srcset=\"https:\/\/www.taxi-agentur.de\/wp-content\/uploads\/2019\/09\/resistance1427663-200-150x150.png 150w, https:\/\/www.taxi-agentur.de\/wp-content\/uploads\/2019\/09\/resistance1427663-200.png 200w\" sizes=\"(max-width: 150px) 100vw, 150px\" \/>2020-02-22 <strong><span style=\"color: #99cc00;\">Bogot\u00e1<\/span>, Kolumbien: Das investigative kolumbianische Nachrichtenmagazin &#8222;Semana&#8220; schrieb gestern dazu:<\/strong><\/p>\n<h4>Taxifahrergewerkschaft will landesweit streiken<\/h4>\n<p><em><strong>Die Entscheidung wurde nach der Nachricht von Ubers R\u00fcckkehr in das Land getroffen. Alle Gewerkschaftsf\u00fchrer w\u00fcrden nach Bogot\u00e1 kommen, um zu protestieren.<\/strong><\/em><br \/>\n<em><strong>Die R\u00fcckkehr Ubers in das Land l\u00f6ste eine Reihe von Reaktionen aus. Einige Nutzer konnten ihre Freude dar\u00fcber nicht verbergen, dass sie wieder auf die Plattform z\u00e4hlen konnten, aber andererseits kamen die Nachrichten nicht gut an. <\/strong><\/em><strong><!--more--><\/strong><\/p>\n<p><img loading=\"lazy\" decoding=\"async\" class=\"wp-image-4403 aligncenter\" src=\"https:\/\/www.taxi-agentur.de\/wp-content\/uploads\/2020\/05\/translation-150x150.png\" alt=\"translating service\" width=\"60\" height=\"60\" srcset=\"https:\/\/www.taxi-agentur.de\/wp-content\/uploads\/2020\/05\/translation-150x150.png 150w, https:\/\/www.taxi-agentur.de\/wp-content\/uploads\/2020\/05\/translation.png 200w\" sizes=\"(max-width: 60px) 100vw, 60px\" \/><\/p>\n<p><em><strong>Schon sehr fr\u00fch sprach Hugo Ospina, Pr\u00e4sident des Verbandes der Taxibesitzer und -fahrer (APTC), dar\u00fcber. In einem Interview mit Semana verglich Ospina Uber &#8222;und alle Plattformen&#8220; mit der ELN-Guerilla, sagte er, &#8222;weil sie gegen das Gesetz versto\u00dfen&#8220;. Er versicherte auch, dass &#8222;er sich von Pr\u00e4sident Duque verraten f\u00fchlt&#8220;.<\/strong><\/em><br \/>\n<em><strong>Sp\u00e4ter versicherte er in einem Video, dass die Taxifahrer in den n\u00e4chsten Tagen streiken werden, weil sie die R\u00fcckkehr der Plattform als &#8222;Angriff der Kongressabgeordneten&#8220; betrachten.<\/strong><\/em><br \/>\n<em><strong>&#8222;Heute sollten wir ruhig bleiben, damit sie morgen nicht sagen, dass wir diejenigen sind, die auf den Stra\u00dfen der Hauptstadt Chaos verursachen&#8220;, sagte Ospina in derselben Erkl\u00e4rung. Er f\u00fcgte hinzu, dass der Streik landesweit stattfinden wird, so dass alle F\u00fchrer dieser Gewerkschaft an diesem Tag nach Bogot\u00e1 kommen k\u00f6nnen.<\/strong><\/em><br \/>\n<em><strong>Estefan\u00eda Hern\u00e1ndez, die Managerin von Taxis Libres, sagte im Radio, dass sie nicht glaubt, dass ein Streik die L\u00f6sung sei, sondern dass sie auch nach einem Weg suchen, um gegen die R\u00fcckkehr von Uber in das Land zu protestieren.<\/strong><\/em><br \/>\n<em><strong>Ubers Antrag war am 31. Januar in Kolumbien eingestellt worden. Sein Abgang erfolgte inmitten von Spannungen zwischen der nationalen Regierung und mehreren Gewerkschaften, die sich an dem nationalen Streik beteiligt hatten, der am 21. November 2019 seinen ersten Tag hatte.<\/strong><\/em><br \/>\n<em><strong>Nach der damaligen \u00c4nderung des Diskurses der Taxifahrer und ihrer Weigerung, die Demonstrationen gegen Pr\u00e4sident Duque zu unterst\u00fctzen, kam in einigen Bereichen die Theorie auf, dass die Taxifahrer mit dem Pr\u00e4sidenten vereinbart hatten, die Plattform zu verlassen, um sich im Gegenzug nicht an den Protesten zu beteiligen, doch sowohl der Pr\u00e4sident als auch die Superintendentin haben diese Vorw\u00fcrfe zur\u00fcckgewiesen.<\/strong><\/em><br \/>\n<em><strong>Die Abwesenheit von Uber dauerte jedoch nur 20 Tage, da an diesem Donnerstagmorgen die Inbetriebnahme der US-Verkehrsvermittlung die R\u00fcckkehr der Plattform in das Land mit einem neuen Modell und neuen Funktionen ank\u00fcndigte.<\/strong><\/em><\/p>\n<p><em><strong>Das neue Modell, das zeitlich begrenzt ist, erm\u00f6glicht es den Nutzern, ihr Ziel durch die Anmietung eines Autos mit Fahrer zu erreichen. &#8222;Wie? Indem wir einen Vertrag \u00fcber unsere Anwendung mit einem einzigen Klick annehmen&#8220;, sagt das Unternehmen, das in mehr als 70 L\u00e4ndern vertreten ist.<\/strong><\/em><\/p>\n<p><em><strong>Sie f\u00fchrten auch f\u00fcnf neue Dienstleistungen ein, darunter die stundenweise Anmietung eines Fahrzeugs. <\/strong><\/em><strong>&#8211; <a href=\"https:\/\/www.semana.com\/nacion\/articulo\/gremio-de-taxistas-ira-a-paro-nacional\/652802\" target=\"_blank\" rel=\"noopener noreferrer\">Gremio de taxistas ir\u00e1 a paro nacional <\/a><\/strong><em>(spanisch, Semana, &#8222;Taxifahrergewerkschaft will landesweit streiken&#8220;)<\/em><strong><br \/>\n<\/strong><\/p>\n<p><em><strong>\u00a0<\/strong><\/em><\/p>\n<p>&nbsp;<\/p>\n","protected":false},"excerpt":{"rendered":"<p>2020-02-22 Bogot\u00e1, Kolumbien: Das investigative kolumbianische Nachrichtenmagazin &#8222;Semana&#8220; schrieb gestern dazu: Taxifahrergewerkschaft will landesweit streiken Die Entscheidung wurde nach der Nachricht von Ubers R\u00fcckkehr in das Land getroffen. Alle Gewerkschaftsf\u00fchrer w\u00fcrden nach Bogot\u00e1 kommen, um zu protestieren. Die R\u00fcckkehr Ubers in das Land l\u00f6ste eine Reihe von Reaktionen aus. Einige Nutzer konnten ihre Freude dar\u00fcber [&hellip;]<\/p>\n","protected":false},"author":3,"featured_media":0,"comment_status":"closed","ping_status":"closed","sticky":false,"template":"","format":"standard","meta":{"site-sidebar-layout":"default","site-content-layout":"default","ast-site-content-layout":"","site-content-style":"default","site-sidebar-style":"default","ast-global-header-display":"","ast-banner-title-visibility":"","ast-main-header-display":"","ast-hfb-above-header-display":"","ast-hfb-below-header-display":"","ast-hfb-mobile-header-display":"","site-post-title":"","ast-breadcrumbs-content":"","ast-featured-img":"","footer-sml-layout":"","theme-transparent-header-meta":"default","adv-header-id-meta":"","stick-header-meta":"","header-above-stick-meta":"","header-main-stick-meta":"","header-below-stick-meta":"","astra-migrate-meta-layouts":"default","ast-page-background-enabled":"default","ast-page-background-meta":{"desktop":{"background-color":"","background-image":"","background-repeat":"repeat","background-position":"center center","background-size":"auto","background-attachment":"scroll","background-type":"","background-media":"","overlay-type":"","overlay-color":"","overlay-gradient":""},"tablet":{"background-color":"","background-image":"","background-repeat":"repeat","background-position":"center center","background-size":"auto","background-attachment":"scroll","background-type":"","background-media":"","overlay-type":"","overlay-color":"","overlay-gradient":""},"mobile":{"background-color":"","background-image":"","background-repeat":"repeat","background-position":"center center","background-size":"auto","background-attachment":"scroll","background-type":"","background-media":"","overlay-type":"","overlay-color":"","overlay-gradient":""}},"ast-content-background-meta":{"desktop":{"background-color":"var(--ast-global-color-5)","background-image":"","background-repeat":"repeat","background-position":"center center","background-size":"auto","background-attachment":"scroll","background-type":"","background-media":"","overlay-type":"","overlay-color":"","overlay-gradient":""},"tablet":{"background-color":"var(--ast-global-color-5)","background-image":"","background-repeat":"repeat","background-position":"center center","background-size":"auto","background-attachment":"scroll","background-type":"","background-media":"","overlay-type":"","overlay-color":"","overlay-gradient":""},"mobile":{"background-color":"var(--ast-global-color-5)","background-image":"","background-repeat":"repeat","background-position":"center center","background-size":"auto","background-attachment":"scroll","background-type":"","background-media":"","overlay-type":"","overlay-color":"","overlay-gradient":""}},"footnotes":""},"categories":[668,127,627,670,5,17],"tags":[],"_links":{"self":[{"href":"https:\/\/www.taxi-agentur.de\/index.php\/wp-json\/wp\/v2\/posts\/3288"}],"collection":[{"href":"https:\/\/www.taxi-agentur.de\/index.php\/wp-json\/wp\/v2\/posts"}],"about":[{"href":"https:\/\/www.taxi-agentur.de\/index.php\/wp-json\/wp\/v2\/types\/post"}],"author":[{"embeddable":true,"href":"https:\/\/www.taxi-agentur.de\/index.php\/wp-json\/wp\/v2\/users\/3"}],"replies":[{"embeddable":true,"href":"https:\/\/www.taxi-agentur.de\/index.php\/wp-json\/wp\/v2\/comments?post=3288"}],"version-history":[{"count":5,"href":"https:\/\/www.taxi-agentur.de\/index.php\/wp-json\/wp\/v2\/posts\/3288\/revisions"}],"predecessor-version":[{"id":4525,"href":"https:\/\/www.taxi-agentur.de\/index.php\/wp-json\/wp\/v2\/posts\/3288\/revisions\/4525"}],"wp:attachment":[{"href":"https:\/\/www.taxi-agentur.de\/index.php\/wp-json\/wp\/v2\/media?parent=3288"}],"wp:term":[{"taxonomy":"category","embeddable":true,"href":"https:\/\/www.taxi-agentur.de\/index.php\/wp-json\/wp\/v2\/categories?post=3288"},{"taxonomy":"post_tag","embeddable":true,"href":"https:\/\/www.taxi-agentur.de\/index.php\/wp-json\/wp\/v2\/tags?post=3288"}],"curies":[{"name":"wp","href":"https:\/\/api.w.org\/{rel}","templated":true}]}}