{"id":320,"date":"2019-08-19T19:45:12","date_gmt":"2019-08-19T17:45:12","guid":{"rendered":"https:\/\/www.taxi-agentur.de\/?p=320"},"modified":"2019-09-17T22:00:03","modified_gmt":"2019-09-17T20:00:03","slug":"umweltaktivisten-beenden-proteste-bei-vw","status":"publish","type":"post","link":"https:\/\/www.taxi-agentur.de\/index.php\/2019\/08\/19\/umweltaktivisten-beenden-proteste-bei-vw\/","title":{"rendered":"&#8222;Umweltaktivisten beenden Proteste bei VW&#8220;"},"content":{"rendered":"<p><img loading=\"lazy\" decoding=\"async\" class=\"size-thumbnail wp-image-155 alignleft\" src=\"https:\/\/www.taxi-agentur.de\/wp-content\/uploads\/2019\/09\/resistance-150x150.png\" alt=\"\" width=\"150\" height=\"150\" srcset=\"https:\/\/www.taxi-agentur.de\/wp-content\/uploads\/2019\/09\/resistance-150x150.png 150w, https:\/\/www.taxi-agentur.de\/wp-content\/uploads\/2019\/09\/resistance.png 200w\" sizes=\"(max-width: 150px) 100vw, 150px\" \/><\/p>\n<p>2019-08-19 <a href=\"https:\/\/www.ndr.de\/nachrichten\/niedersachsen\/braunschweig_harz_goettingen\/Umweltaktivisten-beenden-Proteste-bei-VW,vw5030.html\" target=\"_blank\" rel=\"noopener noreferrer\"><strong><span style=\"color: #99cc00;\">Wolfsburg<\/span>: Es erforderte l\u00e4ngeres Nachdenken, ob denn so eine Aktion n\u00fctzlich und richtig sei bzw. eher nicht. Ergebnis: Aktionen <em>gegen<\/em> VW und andere Autokonzerne, wie letzte Woche in z.B. friedlicher Weise sind richtig! Treten doch schlie\u00dflich r\u00fccksichtslos agierende Ausgeburten dieser Konzerne an, um unserem Gewerbe das &#8222;Brot&#8220; abzuluchsen und die Weicheier von Politikern und selbsternannten &#8222;Taxi-Chefs&#8220; um den Finger zu wickeln und bundesrepublikanische Grundprinzipien \u00fcber den Haufen zu werfen. Wir geben zu, da\u00df wir unsere lieben Schwierigkeiten mit jungen, indifferenten Klimaaktivisten haben. Wie schnell k\u00f6nnten die als Regierungs-Bettvorleger enden (so, wie \u00e4ltere &#8222;Andere&#8220;)? Damit die Aktion aber auch im Taxigewerbe zur Kenntnis genommen wird: &#8211; Umweltaktivisten beenden Proteste bei VW<\/strong><\/a> <em>(deutsch, NDR, &#8222;Environmental activists end protests at VW&#8220;, 14. August)<\/em><\/p>\n","protected":false},"excerpt":{"rendered":"<p>2019-08-19 Wolfsburg: Es erforderte l\u00e4ngeres Nachdenken, ob denn so eine Aktion n\u00fctzlich und richtig sei bzw. eher nicht. Ergebnis: Aktionen gegen VW und andere Autokonzerne, wie letzte Woche in z.B. friedlicher Weise sind richtig! Treten doch schlie\u00dflich r\u00fccksichtslos agierende Ausgeburten dieser Konzerne an, um unserem Gewerbe das &#8222;Brot&#8220; abzuluchsen und die Weicheier von Politikern und [&hellip;]<\/p>\n","protected":false},"author":3,"featured_media":0,"comment_status":"closed","ping_status":"closed","sticky":false,"template":"","format":"standard","meta":{"site-sidebar-layout":"default","site-content-layout":"default","ast-site-content-layout":"","site-content-style":"default","site-sidebar-style":"default","ast-global-header-display":"","ast-banner-title-visibility":"","ast-main-header-display":"","ast-hfb-above-header-display":"","ast-hfb-below-header-display":"","ast-hfb-mobile-header-display":"","site-post-title":"","ast-breadcrumbs-content":"","ast-featured-img":"","footer-sml-layout":"","theme-transparent-header-meta":"default","adv-header-id-meta":"","stick-header-meta":"","header-above-stick-meta":"","header-main-stick-meta":"","header-below-stick-meta":"","astra-migrate-meta-layouts":"default","ast-page-background-enabled":"default","ast-page-background-meta":{"desktop":{"background-color":"","background-image":"","background-repeat":"repeat","background-position":"center center","background-size":"auto","background-attachment":"scroll","background-type":"","background-media":"","overlay-type":"","overlay-color":"","overlay-gradient":""},"tablet":{"background-color":"","background-image":"","background-repeat":"repeat","background-position":"center center","background-size":"auto","background-attachment":"scroll","background-type":"","background-media":"","overlay-type":"","overlay-color":"","overlay-gradient":""},"mobile":{"background-color":"","background-image":"","background-repeat":"repeat","background-position":"center center","background-size":"auto","background-attachment":"scroll","background-type":"","background-media":"","overlay-type":"","overlay-color":"","overlay-gradient":""}},"ast-content-background-meta":{"desktop":{"background-color":"var(--ast-global-color-5)","background-image":"","background-repeat":"repeat","background-position":"center center","background-size":"auto","background-attachment":"scroll","background-type":"","background-media":"","overlay-type":"","overlay-color":"","overlay-gradient":""},"tablet":{"background-color":"var(--ast-global-color-5)","background-image":"","background-repeat":"repeat","background-position":"center center","background-size":"auto","background-attachment":"scroll","background-type":"","background-media":"","overlay-type":"","overlay-color":"","overlay-gradient":""},"mobile":{"background-color":"var(--ast-global-color-5)","background-image":"","background-repeat":"repeat","background-position":"center center","background-size":"auto","background-attachment":"scroll","background-type":"","background-media":"","overlay-type":"","overlay-color":"","overlay-gradient":""}},"footnotes":""},"categories":[101,23,42,116,49,70],"tags":[55,27,73],"_links":{"self":[{"href":"https:\/\/www.taxi-agentur.de\/index.php\/wp-json\/wp\/v2\/posts\/320"}],"collection":[{"href":"https:\/\/www.taxi-agentur.de\/index.php\/wp-json\/wp\/v2\/posts"}],"about":[{"href":"https:\/\/www.taxi-agentur.de\/index.php\/wp-json\/wp\/v2\/types\/post"}],"author":[{"embeddable":true,"href":"https:\/\/www.taxi-agentur.de\/index.php\/wp-json\/wp\/v2\/users\/3"}],"replies":[{"embeddable":true,"href":"https:\/\/www.taxi-agentur.de\/index.php\/wp-json\/wp\/v2\/comments?post=320"}],"version-history":[{"count":1,"href":"https:\/\/www.taxi-agentur.de\/index.php\/wp-json\/wp\/v2\/posts\/320\/revisions"}],"predecessor-version":[{"id":321,"href":"https:\/\/www.taxi-agentur.de\/index.php\/wp-json\/wp\/v2\/posts\/320\/revisions\/321"}],"wp:attachment":[{"href":"https:\/\/www.taxi-agentur.de\/index.php\/wp-json\/wp\/v2\/media?parent=320"}],"wp:term":[{"taxonomy":"category","embeddable":true,"href":"https:\/\/www.taxi-agentur.de\/index.php\/wp-json\/wp\/v2\/categories?post=320"},{"taxonomy":"post_tag","embeddable":true,"href":"https:\/\/www.taxi-agentur.de\/index.php\/wp-json\/wp\/v2\/tags?post=320"}],"curies":[{"name":"wp","href":"https:\/\/api.w.org\/{rel}","templated":true}]}}