{"id":3140,"date":"2020-01-25T17:38:25","date_gmt":"2020-01-25T16:38:25","guid":{"rendered":"https:\/\/www.taxi-agentur.de\/?p=3140"},"modified":"2020-05-31T21:53:53","modified_gmt":"2020-05-31T19:53:53","slug":"uber-macht-sich-auf-datenschlacht-in-europa-gefasst","status":"publish","type":"post","link":"https:\/\/www.taxi-agentur.de\/index.php\/2020\/01\/25\/uber-macht-sich-auf-datenschlacht-in-europa-gefasst\/","title":{"rendered":"Uber macht sich auf Datenschlacht in Europa gefasst"},"content":{"rendered":"<p><img loading=\"lazy\" decoding=\"async\" class=\"alignleft wp-image-88 size-thumbnail\" src=\"https:\/\/www.taxi-agentur.de\/wp-content\/uploads\/2019\/09\/bigdata-150x150.png\" alt=\"\" width=\"150\" height=\"150\" srcset=\"https:\/\/www.taxi-agentur.de\/wp-content\/uploads\/2019\/09\/bigdata-150x150.png 150w, https:\/\/www.taxi-agentur.de\/wp-content\/uploads\/2019\/09\/bigdata.png 200w\" sizes=\"(max-width: 150px) 100vw, 150px\" \/><span style=\"color: #000000;\">2020-01-25<\/span> <strong><span style=\"color: #99cc00;\">Br\u00fcssel<\/span>, eine \u00dcbersetzung: <\/strong><\/p>\n<p><strong><em>&#8222;Die Ride-Hailingfirma Uber will Anfragen von europ\u00e4ischen St\u00e4dten nach Nutzungsdaten abwehren, da einige Informationen unter die GDPR (<span lang=\"en-US\">General Data Protection Regulation<\/span><span lang=\"en-US\">) <\/span>fallen k\u00f6nnten. Das Unternehmen m\u00f6chte, dass die EU-St\u00e4dte einen Standard f\u00fcr die Daten entwickeln, die sie den Unternehmen zur Verf\u00fcgung stellen wollen.<\/em><\/strong><\/p>\n<p><em><strong>Gemeinsame Nutzung von Daten<\/strong><\/em><\/p>\n<p><em><strong>Uber macht sich auf einen Zusammensto\u00df mit EU-St\u00e4dten wegen Rollerdaten gefasst. Uber Technologies Inc. sagte, dass mehrere europ\u00e4ische St\u00e4dte dem Unternehmen mitgeteilt h\u00e4tten, dass sie Daten \u00fcber die Nutzung ihrer Elektroroller und Fahrr\u00e4der austauschen wollten, was zu m\u00f6glichen Streitigkeiten \u00fcber den Datenschutz \u00e4hnlich wie zwischen Uber und Los Angeles gef\u00fchrt h\u00e4tte.<\/strong><\/em><strong><!--more--><\/strong><\/p>\n<p><img loading=\"lazy\" decoding=\"async\" class=\"aligncenter wp-image-4403\" src=\"https:\/\/www.taxi-agentur.de\/wp-content\/uploads\/2020\/05\/translation-150x150.png\" alt=\"translating service\" width=\"60\" height=\"60\" srcset=\"https:\/\/www.taxi-agentur.de\/wp-content\/uploads\/2020\/05\/translation-150x150.png 150w, https:\/\/www.taxi-agentur.de\/wp-content\/uploads\/2020\/05\/translation.png 200w\" sizes=\"(max-width: 60px) 100vw, 60px\" \/><\/p>\n<p><em><strong>Die Beh\u00f6rden in Paris, London, Br\u00fcssel und Lissabon erw\u00e4gen unterschiedliche Ans\u00e4tze, sagte eine Sprecherin von Uber und f\u00fcgte hinzu, dass einige den Datenaustausch zu einem Teil der Genehmigungsanforderungen machen wollen. Rechtsexperten sagen, dass das Sammeln dieser Daten von Uber im Rahmen der GDPR eine Herausforderung darstellen k\u00f6nnte.<\/strong><\/em><\/p>\n<p><em><strong>Die St\u00e4dte sind daran interessiert, Echtzeitdaten \u00fcber Fahrrad- und Elektrorollerverleih zu analysieren, und zwar aus Gr\u00fcnden der Stadtplanung, der Verkehrsanalyse und um sicherzustellen, dass die Fahrzeuge an ihre Docks zur\u00fcckgegeben werden.<\/strong><\/em><\/p>\n<p><em><strong>Zu viele Echtzeitdaten zu sammeln, k\u00f6nnte f\u00fcr die St\u00e4dte nutzlos sein, sagte Ger Baron, Amsterdams Chief Technology Officer. &#8222;Wir m\u00fcssen nicht die ganze Zeit wissen, wo sich jeder befindet&#8220;, sagte er. &#8222;Wir wollen wissen, ob es sich um ein echtes Gesch\u00e4ftsmodell handelt&#8220;, sagte er. Wird dadurch die Stadt ruiniert? Werden die Daten gestohlen?&#8220;<\/strong><\/em><\/p>\n<p><strong>Dazu ein paar Anmerkungen: Wir betrachten den rollenden Elektroschrott als auch die Leihfahrr\u00e4der nicht als ernsthafte Konkurrenz f\u00fcr&#8217;s Taxigewerbe. Wer also unbedingt so etwas erstaunlich Teures mieten will: Bitte. Nur zu. Allerdings m\u00f6chten wir auch nicht die leider manchmal berauschten Kindsk\u00f6ppe auf den Elektrorollern beim eklatanten Versto\u00dfen gegen Verkehrsregeln auf der Motorhaube haben. Viel mehr f\u00e4llt uns dazu auch gar nicht ein. Viel interessanter und typisch f\u00fcr Ubers Schaumschl\u00e4gerei sind die Aussagen von Ger Baron, denn in Bezug auf die in Deutschland illegalen Mietwagen ist l\u00e4ngst klar, da\u00df Uber ganz genau wei\u00df, wo sich welcher Wagen, Fahrer, Fahrgast befindet und von wo nach wo er f\u00e4hrt. Denkt man &#8222;Big Data&#8220; mit, wissen sie sogar noch viel mehr. Aus Erfahrung wissen wir, da\u00df Uber sich zwar gegen\u00fcber amerikanischen Beh\u00f6rden nach Str\u00e4uben kooperativ beim Zurverf\u00fcgungstellen von ben\u00f6tigten Daten verh\u00e4lt. Wie sieht es aber in der EU aus? Anhand der Daten k\u00f6nnte man sofort feststellen &#8211; das Nichtvorhandensein von Software-Patches einmal vorausgesetzt, was auch niemand mehr glaubt &#8211; wer wann gegen die R\u00fcckkehrpflicht versto\u00dfen hat. Verschanzt sich Uber gegen\u00fcber deutschen Beh\u00f6rden dabei auch hinter der GDPR? Dies sind dringende Fragen, die sich an die Politik richten. Die mu\u00df schlie\u00dflich wissen, was die nachgeordneten Beh\u00f6rden so verm\u00f6gen. Aber ist das so? Leider nein. Gew\u00e4hlte Mitglieder des Berliner Senates (update nach Eingabe eines Kollegen: gemeint waren nat\u00fcrlich Mitglieder des <em>Abgeordnetenhauses,<\/em> nicht des <em>Senates<\/em>) d\u00fcrfen ja wegen eines Geheimabkommens zwischen der BVG und Daimler Benz\/Via Van nicht einmal die Zahlen zur Wirtschaftlichkeit des &#8222;Berlk\u00f6nigs&#8220; einsehen. Wenn die Politik es aber zul\u00e4sst, da\u00df Konzerne den politischen Handlungsspielraum einschr\u00e4nken, wozu sollten wir als B\u00fcrger dann noch &#8222;Parteien&#8220; in eine zusehends erodierende &#8222;Regierungsverantwortung&#8220; hineinw\u00e4hlen? Nur, um den Schein zu wahren? <\/strong><\/p>\n<p><strong>&#8211; <a href=\"https:\/\/www.wsj.com\/articles\/uber-braces-for-data-battle-in-europe-ferc-assures-senators-it-will-watch-for-potential-huawei-dangers-to-u-s-grid-11579874886\" target=\"_blank\" rel=\"noopener noreferrer\">Uber Braces for Data Battle in Europe <\/a>&#8211; <\/strong><em>(englisch, Wall Street Journal PRO, &#8222;Uber macht sich auf Datenschlacht in Europa gefasst, 24. Januar)<\/em><\/p>\n","protected":false},"excerpt":{"rendered":"<p>2020-01-25 Br\u00fcssel, eine \u00dcbersetzung: &#8222;Die Ride-Hailingfirma Uber will Anfragen von europ\u00e4ischen St\u00e4dten nach Nutzungsdaten abwehren, da einige Informationen unter die GDPR (General Data Protection Regulation) fallen k\u00f6nnten. Das Unternehmen m\u00f6chte, dass die EU-St\u00e4dte einen Standard f\u00fcr die Daten entwickeln, die sie den Unternehmen zur Verf\u00fcgung stellen wollen. Gemeinsame Nutzung von Daten Uber macht sich auf [&hellip;]<\/p>\n","protected":false},"author":3,"featured_media":0,"comment_status":"closed","ping_status":"closed","sticky":false,"template":"","format":"standard","meta":{"site-sidebar-layout":"default","site-content-layout":"default","ast-site-content-layout":"","site-content-style":"default","site-sidebar-style":"default","ast-global-header-display":"","ast-banner-title-visibility":"","ast-main-header-display":"","ast-hfb-above-header-display":"","ast-hfb-below-header-display":"","ast-hfb-mobile-header-display":"","site-post-title":"","ast-breadcrumbs-content":"","ast-featured-img":"","footer-sml-layout":"","theme-transparent-header-meta":"default","adv-header-id-meta":"","stick-header-meta":"","header-above-stick-meta":"","header-main-stick-meta":"","header-below-stick-meta":"","astra-migrate-meta-layouts":"default","ast-page-background-enabled":"default","ast-page-background-meta":{"desktop":{"background-color":"","background-image":"","background-repeat":"repeat","background-position":"center center","background-size":"auto","background-attachment":"scroll","background-type":"","background-media":"","overlay-type":"","overlay-color":"","overlay-gradient":""},"tablet":{"background-color":"","background-image":"","background-repeat":"repeat","background-position":"center center","background-size":"auto","background-attachment":"scroll","background-type":"","background-media":"","overlay-type":"","overlay-color":"","overlay-gradient":""},"mobile":{"background-color":"","background-image":"","background-repeat":"repeat","background-position":"center center","background-size":"auto","background-attachment":"scroll","background-type":"","background-media":"","overlay-type":"","overlay-color":"","overlay-gradient":""}},"ast-content-background-meta":{"desktop":{"background-color":"var(--ast-global-color-5)","background-image":"","background-repeat":"repeat","background-position":"center center","background-size":"auto","background-attachment":"scroll","background-type":"","background-media":"","overlay-type":"","overlay-color":"","overlay-gradient":""},"tablet":{"background-color":"var(--ast-global-color-5)","background-image":"","background-repeat":"repeat","background-position":"center center","background-size":"auto","background-attachment":"scroll","background-type":"","background-media":"","overlay-type":"","overlay-color":"","overlay-gradient":""},"mobile":{"background-color":"var(--ast-global-color-5)","background-image":"","background-repeat":"repeat","background-position":"center center","background-size":"auto","background-attachment":"scroll","background-type":"","background-media":"","overlay-type":"","overlay-color":"","overlay-gradient":""}},"footnotes":""},"categories":[15,124,364,322,294,16],"tags":[],"_links":{"self":[{"href":"https:\/\/www.taxi-agentur.de\/index.php\/wp-json\/wp\/v2\/posts\/3140"}],"collection":[{"href":"https:\/\/www.taxi-agentur.de\/index.php\/wp-json\/wp\/v2\/posts"}],"about":[{"href":"https:\/\/www.taxi-agentur.de\/index.php\/wp-json\/wp\/v2\/types\/post"}],"author":[{"embeddable":true,"href":"https:\/\/www.taxi-agentur.de\/index.php\/wp-json\/wp\/v2\/users\/3"}],"replies":[{"embeddable":true,"href":"https:\/\/www.taxi-agentur.de\/index.php\/wp-json\/wp\/v2\/comments?post=3140"}],"version-history":[{"count":11,"href":"https:\/\/www.taxi-agentur.de\/index.php\/wp-json\/wp\/v2\/posts\/3140\/revisions"}],"predecessor-version":[{"id":4506,"href":"https:\/\/www.taxi-agentur.de\/index.php\/wp-json\/wp\/v2\/posts\/3140\/revisions\/4506"}],"wp:attachment":[{"href":"https:\/\/www.taxi-agentur.de\/index.php\/wp-json\/wp\/v2\/media?parent=3140"}],"wp:term":[{"taxonomy":"category","embeddable":true,"href":"https:\/\/www.taxi-agentur.de\/index.php\/wp-json\/wp\/v2\/categories?post=3140"},{"taxonomy":"post_tag","embeddable":true,"href":"https:\/\/www.taxi-agentur.de\/index.php\/wp-json\/wp\/v2\/tags?post=3140"}],"curies":[{"name":"wp","href":"https:\/\/api.w.org\/{rel}","templated":true}]}}