{"id":2441,"date":"2019-10-05T04:59:32","date_gmt":"2019-10-05T02:59:32","guid":{"rendered":"https:\/\/www.taxi-agentur.de\/?p=2441"},"modified":"2019-10-05T07:15:53","modified_gmt":"2019-10-05T05:15:53","slug":"jorge-calderon-vorsitzender-von-fedotaxis-wurde-von-der-polizei-in-quito-verhaftet","status":"publish","type":"post","link":"https:\/\/www.taxi-agentur.de\/index.php\/2019\/10\/05\/jorge-calderon-vorsitzender-von-fedotaxis-wurde-von-der-polizei-in-quito-verhaftet\/","title":{"rendered":"&#8222;Jorge Calder\u00f3n, Vorsitzender von Fedotaxis, wurde von der Polizei in Quito verhaftet&#8220;"},"content":{"rendered":"<p><img loading=\"lazy\" decoding=\"async\" class=\"size-thumbnail wp-image-315 alignleft\" src=\"https:\/\/www.taxi-agentur.de\/wp-content\/uploads\/2019\/09\/Police-150x150.png\" alt=\"\" width=\"150\" height=\"150\" srcset=\"https:\/\/www.taxi-agentur.de\/wp-content\/uploads\/2019\/09\/Police-150x150.png 150w, https:\/\/www.taxi-agentur.de\/wp-content\/uploads\/2019\/09\/Police.png 200w\" sizes=\"(max-width: 150px) 100vw, 150px\" \/><\/p>\n<p>2019-10-05 <strong><span style=\"color: #99cc00;\">Quito, <\/span>Ecuador: Kommt uns das bekannt vor? Steigende Treibstoffpreise durch gestrichene Subventionen <a href=\"https:\/\/twitter.com\/SPIEGEL_Top\/status\/1180005649565925376\" target=\"_blank\" rel=\"noopener noreferrer\">bringen die Leute auf die Strasse<\/a>. Reagiert wird mit der Verh\u00e4ngung eines 60-t\u00e4gigen Ausnahmezustandes. Die Frage ist, wann der eigentliche Ausnahmezustand begonnen hat? Wohl sp\u00e4testens, als es dazu kam, dass Ecuador einen<a href=\"https:\/\/twitter.com\/latinapress\/status\/1098492619821338624\" target=\"_blank\" rel=\"noopener noreferrer\"> 4,2 Milliarden Dollar Kredit-Deal mit dem IWF<\/a> eingegangen ist, in dessen Rahmen sich die Regierung zu einer &#8222;Strukturreform&#8220; verpflichtet hat? Im Zusammenhang mit den aktuellen Unruhen wurden in Quito mehr als 350 Menschen verhaftet, <a href=\"https:\/\/www.elcomercio.com\/actualidad\/detencion-jorge-calderon-fedotaxis-paralizacion.html\" target=\"_blank\" rel=\"noopener noreferrer\">auch der Leiter des Verbandes der ecuadorianischen Taxiunternehmen, FEDOTAXIS, Jorge Calder\u00f3n &#8211; wegen &#8222;Lahmlegung des Verkehrs&#8220;. &#8222;Jorge Calder\u00f3n, dirigente de Fedotaxis, fue detenido por la Polic\u00eda en Quito&#8220;<\/a><\/strong> <em>(spanisch, El Comerico, &#8222;Jorge Calder\u00f3n, Vorsitzender von Fedotaxis, wurde von der Polizei in Quito verhaftet&#8220; )<\/em><\/p>\n","protected":false},"excerpt":{"rendered":"<p>2019-10-05 Quito, Ecuador: Kommt uns das bekannt vor? Steigende Treibstoffpreise durch gestrichene Subventionen bringen die Leute auf die Strasse. Reagiert wird mit der Verh\u00e4ngung eines 60-t\u00e4gigen Ausnahmezustandes. Die Frage ist, wann der eigentliche Ausnahmezustand begonnen hat? Wohl sp\u00e4testens, als es dazu kam, dass Ecuador einen 4,2 Milliarden Dollar Kredit-Deal mit dem IWF eingegangen ist, in [&hellip;]<\/p>\n","protected":false},"author":4,"featured_media":0,"comment_status":"closed","ping_status":"closed","sticky":false,"template":"","format":"standard","meta":{"site-sidebar-layout":"default","site-content-layout":"default","ast-site-content-layout":"","site-content-style":"default","site-sidebar-style":"default","ast-global-header-display":"","ast-banner-title-visibility":"","ast-main-header-display":"","ast-hfb-above-header-display":"","ast-hfb-below-header-display":"","ast-hfb-mobile-header-display":"","site-post-title":"","ast-breadcrumbs-content":"","ast-featured-img":"","footer-sml-layout":"","theme-transparent-header-meta":"default","adv-header-id-meta":"","stick-header-meta":"","header-above-stick-meta":"","header-main-stick-meta":"","header-below-stick-meta":"","astra-migrate-meta-layouts":"default","ast-page-background-enabled":"default","ast-page-background-meta":{"desktop":{"background-color":"","background-image":"","background-repeat":"repeat","background-position":"center center","background-size":"auto","background-attachment":"scroll","background-type":"","background-media":"","overlay-type":"","overlay-color":"","overlay-gradient":""},"tablet":{"background-color":"","background-image":"","background-repeat":"repeat","background-position":"center center","background-size":"auto","background-attachment":"scroll","background-type":"","background-media":"","overlay-type":"","overlay-color":"","overlay-gradient":""},"mobile":{"background-color":"","background-image":"","background-repeat":"repeat","background-position":"center center","background-size":"auto","background-attachment":"scroll","background-type":"","background-media":"","overlay-type":"","overlay-color":"","overlay-gradient":""}},"ast-content-background-meta":{"desktop":{"background-color":"var(--ast-global-color-5)","background-image":"","background-repeat":"repeat","background-position":"center center","background-size":"auto","background-attachment":"scroll","background-type":"","background-media":"","overlay-type":"","overlay-color":"","overlay-gradient":""},"tablet":{"background-color":"var(--ast-global-color-5)","background-image":"","background-repeat":"repeat","background-position":"center center","background-size":"auto","background-attachment":"scroll","background-type":"","background-media":"","overlay-type":"","overlay-color":"","overlay-gradient":""},"mobile":{"background-color":"var(--ast-global-color-5)","background-image":"","background-repeat":"repeat","background-position":"center center","background-size":"auto","background-attachment":"scroll","background-type":"","background-media":"","overlay-type":"","overlay-color":"","overlay-gradient":""}},"footnotes":""},"categories":[415,416,38,119,76,70],"tags":[128,120,77,73],"_links":{"self":[{"href":"https:\/\/www.taxi-agentur.de\/index.php\/wp-json\/wp\/v2\/posts\/2441"}],"collection":[{"href":"https:\/\/www.taxi-agentur.de\/index.php\/wp-json\/wp\/v2\/posts"}],"about":[{"href":"https:\/\/www.taxi-agentur.de\/index.php\/wp-json\/wp\/v2\/types\/post"}],"author":[{"embeddable":true,"href":"https:\/\/www.taxi-agentur.de\/index.php\/wp-json\/wp\/v2\/users\/4"}],"replies":[{"embeddable":true,"href":"https:\/\/www.taxi-agentur.de\/index.php\/wp-json\/wp\/v2\/comments?post=2441"}],"version-history":[{"count":6,"href":"https:\/\/www.taxi-agentur.de\/index.php\/wp-json\/wp\/v2\/posts\/2441\/revisions"}],"predecessor-version":[{"id":2448,"href":"https:\/\/www.taxi-agentur.de\/index.php\/wp-json\/wp\/v2\/posts\/2441\/revisions\/2448"}],"wp:attachment":[{"href":"https:\/\/www.taxi-agentur.de\/index.php\/wp-json\/wp\/v2\/media?parent=2441"}],"wp:term":[{"taxonomy":"category","embeddable":true,"href":"https:\/\/www.taxi-agentur.de\/index.php\/wp-json\/wp\/v2\/categories?post=2441"},{"taxonomy":"post_tag","embeddable":true,"href":"https:\/\/www.taxi-agentur.de\/index.php\/wp-json\/wp\/v2\/tags?post=2441"}],"curies":[{"name":"wp","href":"https:\/\/api.w.org\/{rel}","templated":true}]}}