{"id":1414,"date":"2019-01-28T20:35:21","date_gmt":"2019-01-28T19:35:21","guid":{"rendered":"https:\/\/www.taxi-agentur.de\/?p=1414"},"modified":"2019-09-29T04:39:20","modified_gmt":"2019-09-29T02:39:20","slug":"familie-des-erstochenen-taxifahrers-sagt-dass-die-justiz-sie-enttaeuscht-hat-nachdem-der-moerder-fuer-sechs-jahre-ins-gefaengnis-gesteckt-wurde","status":"publish","type":"post","link":"https:\/\/www.taxi-agentur.de\/index.php\/2019\/01\/28\/familie-des-erstochenen-taxifahrers-sagt-dass-die-justiz-sie-enttaeuscht-hat-nachdem-der-moerder-fuer-sechs-jahre-ins-gefaengnis-gesteckt-wurde\/","title":{"rendered":"&#8222;Familie des erstochenen Taxifahrers sagt, dass die Justiz sie entt\u00e4uscht hat, nachdem der M\u00f6rder f\u00fcr sechs Jahre ins Gef\u00e4ngnis gesteckt wurde&#8220;"},"content":{"rendered":"<p><img loading=\"lazy\" decoding=\"async\" class=\"size-thumbnail wp-image-1148 alignleft\" src=\"https:\/\/www.taxi-agentur.de\/wp-content\/uploads\/2019\/09\/grave-150x150.png\" alt=\"\" width=\"150\" height=\"150\" srcset=\"https:\/\/www.taxi-agentur.de\/wp-content\/uploads\/2019\/09\/grave-150x150.png 150w, https:\/\/www.taxi-agentur.de\/wp-content\/uploads\/2019\/09\/grave.png 200w\" sizes=\"(max-width: 150px) 100vw, 150px\" \/><\/p>\n<p>2019-01-28  <a href=\"https:\/\/www.irishexaminer.com\/breakingnews\/ireland\/--900613.html\" target=\"_blank\" rel=\"noopener noreferrer\"><strong><span style=\"color: #99cc00;\">Irlands<\/span> Justiz und der Wert eines Taxifahrer-Lebens &#8211; Family of stabbed taxi driver say justice system failed them after killer jailed for six years<\/strong><\/a> <em>(englisch, Irish Examiner, &#8222;Familie des erstochenen Taxifahrers sagt, dass die Justiz sie entt\u00e4uscht hat, nachdem der M\u00f6rder f\u00fcr sechs Jahre ins Gef\u00e4ngnis gesteckt wurde&#8220;)<\/em><\/p>\n","protected":false},"excerpt":{"rendered":"<p>2019-01-28 Irlands Justiz und der Wert eines Taxifahrer-Lebens &#8211; Family of stabbed taxi driver say justice system failed them after killer jailed for six years (englisch, Irish Examiner, &#8222;Familie des erstochenen Taxifahrers sagt, dass die Justiz sie entt\u00e4uscht hat, nachdem der M\u00f6rder f\u00fcr sechs Jahre ins Gef\u00e4ngnis gesteckt wurde&#8220;)<\/p>\n","protected":false},"author":3,"featured_media":0,"comment_status":"closed","ping_status":"closed","sticky":false,"template":"","format":"standard","meta":{"site-sidebar-layout":"default","site-content-layout":"default","ast-site-content-layout":"","site-content-style":"default","site-sidebar-style":"default","ast-global-header-display":"","ast-banner-title-visibility":"","ast-main-header-display":"","ast-hfb-above-header-display":"","ast-hfb-below-header-display":"","ast-hfb-mobile-header-display":"","site-post-title":"","ast-breadcrumbs-content":"","ast-featured-img":"","footer-sml-layout":"","theme-transparent-header-meta":"default","adv-header-id-meta":"","stick-header-meta":"","header-above-stick-meta":"","header-main-stick-meta":"","header-below-stick-meta":"","astra-migrate-meta-layouts":"default","ast-page-background-enabled":"default","ast-page-background-meta":{"desktop":{"background-color":"","background-image":"","background-repeat":"repeat","background-position":"center center","background-size":"auto","background-attachment":"scroll","background-type":"","background-media":"","overlay-type":"","overlay-color":"","overlay-gradient":""},"tablet":{"background-color":"","background-image":"","background-repeat":"repeat","background-position":"center center","background-size":"auto","background-attachment":"scroll","background-type":"","background-media":"","overlay-type":"","overlay-color":"","overlay-gradient":""},"mobile":{"background-color":"","background-image":"","background-repeat":"repeat","background-position":"center center","background-size":"auto","background-attachment":"scroll","background-type":"","background-media":"","overlay-type":"","overlay-color":"","overlay-gradient":""}},"ast-content-background-meta":{"desktop":{"background-color":"var(--ast-global-color-5)","background-image":"","background-repeat":"repeat","background-position":"center center","background-size":"auto","background-attachment":"scroll","background-type":"","background-media":"","overlay-type":"","overlay-color":"","overlay-gradient":""},"tablet":{"background-color":"var(--ast-global-color-5)","background-image":"","background-repeat":"repeat","background-position":"center center","background-size":"auto","background-attachment":"scroll","background-type":"","background-media":"","overlay-type":"","overlay-color":"","overlay-gradient":""},"mobile":{"background-color":"var(--ast-global-color-5)","background-image":"","background-repeat":"repeat","background-position":"center center","background-size":"auto","background-attachment":"scroll","background-type":"","background-media":"","overlay-type":"","overlay-color":"","overlay-gradient":""}},"footnotes":""},"categories":[277,447,119,183],"tags":[27,120],"_links":{"self":[{"href":"https:\/\/www.taxi-agentur.de\/index.php\/wp-json\/wp\/v2\/posts\/1414"}],"collection":[{"href":"https:\/\/www.taxi-agentur.de\/index.php\/wp-json\/wp\/v2\/posts"}],"about":[{"href":"https:\/\/www.taxi-agentur.de\/index.php\/wp-json\/wp\/v2\/types\/post"}],"author":[{"embeddable":true,"href":"https:\/\/www.taxi-agentur.de\/index.php\/wp-json\/wp\/v2\/users\/3"}],"replies":[{"embeddable":true,"href":"https:\/\/www.taxi-agentur.de\/index.php\/wp-json\/wp\/v2\/comments?post=1414"}],"version-history":[{"count":1,"href":"https:\/\/www.taxi-agentur.de\/index.php\/wp-json\/wp\/v2\/posts\/1414\/revisions"}],"predecessor-version":[{"id":1415,"href":"https:\/\/www.taxi-agentur.de\/index.php\/wp-json\/wp\/v2\/posts\/1414\/revisions\/1415"}],"wp:attachment":[{"href":"https:\/\/www.taxi-agentur.de\/index.php\/wp-json\/wp\/v2\/media?parent=1414"}],"wp:term":[{"taxonomy":"category","embeddable":true,"href":"https:\/\/www.taxi-agentur.de\/index.php\/wp-json\/wp\/v2\/categories?post=1414"},{"taxonomy":"post_tag","embeddable":true,"href":"https:\/\/www.taxi-agentur.de\/index.php\/wp-json\/wp\/v2\/tags?post=1414"}],"curies":[{"name":"wp","href":"https:\/\/api.w.org\/{rel}","templated":true}]}}