{"id":1380,"date":"2019-01-25T18:45:40","date_gmt":"2019-01-25T17:45:40","guid":{"rendered":"https:\/\/www.taxi-agentur.de\/?p=1380"},"modified":"2020-05-31T16:47:10","modified_gmt":"2020-05-31T14:47:10","slug":"flaemische-taxis-demonstrieren-vor-ben-weyts-haus-in-dworp","status":"publish","type":"post","link":"https:\/\/www.taxi-agentur.de\/index.php\/2019\/01\/25\/flaemische-taxis-demonstrieren-vor-ben-weyts-haus-in-dworp\/","title":{"rendered":"&#8222;Fl\u00e4mische Taxis demonstrieren vor Ben Weyts&#8216; Haus in Dworp&#8220;"},"content":{"rendered":"<p><img loading=\"lazy\" decoding=\"async\" class=\"size-thumbnail wp-image-155 alignleft\" src=\"https:\/\/www.taxi-agentur.de\/wp-content\/uploads\/2019\/09\/resistance-150x150.png\" alt=\"\" width=\"150\" height=\"150\" srcset=\"https:\/\/www.taxi-agentur.de\/wp-content\/uploads\/2019\/09\/resistance-150x150.png 150w, https:\/\/www.taxi-agentur.de\/wp-content\/uploads\/2019\/09\/resistance.png 200w\" sizes=\"(max-width: 150px) 100vw, 150px\" \/><\/p>\n<p style=\"text-align: justify;\">2019-01-25 <a href=\"https:\/\/www.rtbf.be\/info\/societe\/detail_les-taxis-flamands-manifestent-devant-le-domicile-de-ben-weyts-a-dworp?id=10127905\" target=\"_blank\" rel=\"noopener noreferrer\"><strong><span style=\"color: #99cc00;\">Belgien<\/span>: Taxi-Demo bei Mobilit\u00e4tsminister Ben Weyts gegen Deregulierung &#8211; Les taxis flamands manifestent devant le domicile de Ben Weyts, \u00e0 Dworp<\/strong><\/a> <em>(franz\u00f6sisch, Radio-t\u00e9l\u00e9vision belge de la F\u00e9d\u00e9ration Wallonie-Bruxelles (RTBF), &#8222;Fl\u00e4mische Taxis demonstrieren vor Ben Weyts&#8216; Haus in Dworp&#8220;)<\/em><\/p>\n<p><a href=\"https:\/\/taxi-innung.de\/wp-content\/uploads\/2019\/10\/2019-01-25-Pressemitt_GTL_29_01_09.pdf\" target=\"_blank\" rel=\"noopener noreferrer\"><strong>Presseerkl\u00e4rung der GTL-TAXI<\/strong><\/a><em> (deutsche \u00dcbersetzung als *pdf)<br \/>\n<\/em><\/p>\n","protected":false},"excerpt":{"rendered":"<p>2019-01-25 Belgien: Taxi-Demo bei Mobilit\u00e4tsminister Ben Weyts gegen Deregulierung &#8211; Les taxis flamands manifestent devant le domicile de Ben Weyts, \u00e0 Dworp (franz\u00f6sisch, Radio-t\u00e9l\u00e9vision belge de la F\u00e9d\u00e9ration Wallonie-Bruxelles (RTBF), &#8222;Fl\u00e4mische Taxis demonstrieren vor Ben Weyts&#8216; Haus in Dworp&#8220;) Presseerkl\u00e4rung der GTL-TAXI (deutsche \u00dcbersetzung als *pdf)<\/p>\n","protected":false},"author":3,"featured_media":0,"comment_status":"closed","ping_status":"closed","sticky":false,"template":"","format":"standard","meta":{"site-sidebar-layout":"default","site-content-layout":"default","ast-site-content-layout":"","site-content-style":"default","site-sidebar-style":"default","ast-global-header-display":"","ast-banner-title-visibility":"","ast-main-header-display":"","ast-hfb-above-header-display":"","ast-hfb-below-header-display":"","ast-hfb-mobile-header-display":"","site-post-title":"","ast-breadcrumbs-content":"","ast-featured-img":"","footer-sml-layout":"","theme-transparent-header-meta":"default","adv-header-id-meta":"","stick-header-meta":"","header-above-stick-meta":"","header-main-stick-meta":"","header-below-stick-meta":"","astra-migrate-meta-layouts":"default","ast-page-background-enabled":"default","ast-page-background-meta":{"desktop":{"background-color":"","background-image":"","background-repeat":"repeat","background-position":"center center","background-size":"auto","background-attachment":"scroll","background-type":"","background-media":"","overlay-type":"","overlay-color":"","overlay-gradient":""},"tablet":{"background-color":"","background-image":"","background-repeat":"repeat","background-position":"center center","background-size":"auto","background-attachment":"scroll","background-type":"","background-media":"","overlay-type":"","overlay-color":"","overlay-gradient":""},"mobile":{"background-color":"","background-image":"","background-repeat":"repeat","background-position":"center center","background-size":"auto","background-attachment":"scroll","background-type":"","background-media":"","overlay-type":"","overlay-color":"","overlay-gradient":""}},"ast-content-background-meta":{"desktop":{"background-color":"var(--ast-global-color-5)","background-image":"","background-repeat":"repeat","background-position":"center center","background-size":"auto","background-attachment":"scroll","background-type":"","background-media":"","overlay-type":"","overlay-color":"","overlay-gradient":""},"tablet":{"background-color":"var(--ast-global-color-5)","background-image":"","background-repeat":"repeat","background-position":"center center","background-size":"auto","background-attachment":"scroll","background-type":"","background-media":"","overlay-type":"","overlay-color":"","overlay-gradient":""},"mobile":{"background-color":"var(--ast-global-color-5)","background-image":"","background-repeat":"repeat","background-position":"center center","background-size":"auto","background-attachment":"scroll","background-type":"","background-media":"","overlay-type":"","overlay-color":"","overlay-gradient":""}},"footnotes":""},"categories":[30,477,119,76,17,70],"tags":[157,27,120,77,18,73],"_links":{"self":[{"href":"https:\/\/www.taxi-agentur.de\/index.php\/wp-json\/wp\/v2\/posts\/1380"}],"collection":[{"href":"https:\/\/www.taxi-agentur.de\/index.php\/wp-json\/wp\/v2\/posts"}],"about":[{"href":"https:\/\/www.taxi-agentur.de\/index.php\/wp-json\/wp\/v2\/types\/post"}],"author":[{"embeddable":true,"href":"https:\/\/www.taxi-agentur.de\/index.php\/wp-json\/wp\/v2\/users\/3"}],"replies":[{"embeddable":true,"href":"https:\/\/www.taxi-agentur.de\/index.php\/wp-json\/wp\/v2\/comments?post=1380"}],"version-history":[{"count":5,"href":"https:\/\/www.taxi-agentur.de\/index.php\/wp-json\/wp\/v2\/posts\/1380\/revisions"}],"predecessor-version":[{"id":4419,"href":"https:\/\/www.taxi-agentur.de\/index.php\/wp-json\/wp\/v2\/posts\/1380\/revisions\/4419"}],"wp:attachment":[{"href":"https:\/\/www.taxi-agentur.de\/index.php\/wp-json\/wp\/v2\/media?parent=1380"}],"wp:term":[{"taxonomy":"category","embeddable":true,"href":"https:\/\/www.taxi-agentur.de\/index.php\/wp-json\/wp\/v2\/categories?post=1380"},{"taxonomy":"post_tag","embeddable":true,"href":"https:\/\/www.taxi-agentur.de\/index.php\/wp-json\/wp\/v2\/tags?post=1380"}],"curies":[{"name":"wp","href":"https:\/\/api.w.org\/{rel}","templated":true}]}}