{"id":1231,"date":"2019-01-18T22:05:15","date_gmt":"2019-01-18T21:05:15","guid":{"rendered":"https:\/\/www.taxi-agentur.de\/?p=1231"},"modified":"2019-09-27T20:16:52","modified_gmt":"2019-09-27T18:16:52","slug":"jetzt-hat-die-regierung-von-francois-legault-in-quebec-mit-eva-einen-neuen-konkurrenten-hinzugefuegt-der-gerade-erst-begonnen-hat","status":"publish","type":"post","link":"https:\/\/www.taxi-agentur.de\/index.php\/2019\/01\/18\/jetzt-hat-die-regierung-von-francois-legault-in-quebec-mit-eva-einen-neuen-konkurrenten-hinzugefuegt-der-gerade-erst-begonnen-hat\/","title":{"rendered":"&#8222;Jetzt hat die Regierung von Fran\u00e7ois Legault in Quebec mit EVA einen neuen Konkurrenten hinzugef\u00fcgt, der gerade erst begonnen hat&#8220;"},"content":{"rendered":"<p><img loading=\"lazy\" decoding=\"async\" class=\"size-thumbnail wp-image-52 alignleft\" src=\"https:\/\/www.taxi-agentur.de\/wp-content\/uploads\/2019\/09\/1987039-200-150x150.png\" alt=\"\" width=\"150\" height=\"150\" srcset=\"https:\/\/www.taxi-agentur.de\/wp-content\/uploads\/2019\/09\/1987039-200-150x150.png 150w, https:\/\/www.taxi-agentur.de\/wp-content\/uploads\/2019\/09\/1987039-200.png 200w\" sizes=\"(max-width: 150px) 100vw, 150px\" \/><\/p>\n<p>2019-01-18 <a href=\"https:\/\/twitter.com\/BloJlaine911\/status\/1083699852729561089\" target=\"_blank\" rel=\"noopener noreferrer\"><strong>Jean Lain\u00e9 \/ Twitter: Voil\u00e0 que le gouvernement du <span style=\"color: #99cc00;\">Qu\u00e9bec<\/span> de Fran\u00e7ois Legault nous rajoute un nouveau comp\u00e9titeur avec EVA et \u00e7a ne fait que commencer.<\/strong><\/a> <em>(franz\u00f6sisch, twitter, &#8222;Jetzt hat die Regierung von Fran\u00e7ois Legault in Quebec mit EVA einen neuen Konkurrenten hinzugef\u00fcgt, der gerade erst begonnen hat&#8220;)\u200f <\/em><\/p>\n","protected":false},"excerpt":{"rendered":"<p>2019-01-18 Jean Lain\u00e9 \/ Twitter: Voil\u00e0 que le gouvernement du Qu\u00e9bec de Fran\u00e7ois Legault nous rajoute un nouveau comp\u00e9titeur avec EVA et \u00e7a ne fait que commencer. (franz\u00f6sisch, twitter, &#8222;Jetzt hat die Regierung von Fran\u00e7ois Legault in Quebec mit EVA einen neuen Konkurrenten hinzugef\u00fcgt, der gerade erst begonnen hat&#8220;)\u200f<\/p>\n","protected":false},"author":3,"featured_media":0,"comment_status":"closed","ping_status":"closed","sticky":false,"template":"","format":"standard","meta":{"site-sidebar-layout":"default","site-content-layout":"default","ast-site-content-layout":"","site-content-style":"default","site-sidebar-style":"default","ast-global-header-display":"","ast-banner-title-visibility":"","ast-main-header-display":"","ast-hfb-above-header-display":"","ast-hfb-below-header-display":"","ast-hfb-mobile-header-display":"","site-post-title":"","ast-breadcrumbs-content":"","ast-featured-img":"","footer-sml-layout":"","theme-transparent-header-meta":"default","adv-header-id-meta":"","stick-header-meta":"","header-above-stick-meta":"","header-main-stick-meta":"","header-below-stick-meta":"","astra-migrate-meta-layouts":"default","ast-page-background-enabled":"default","ast-page-background-meta":{"desktop":{"background-color":"","background-image":"","background-repeat":"repeat","background-position":"center center","background-size":"auto","background-attachment":"scroll","background-type":"","background-media":"","overlay-type":"","overlay-color":"","overlay-gradient":""},"tablet":{"background-color":"","background-image":"","background-repeat":"repeat","background-position":"center center","background-size":"auto","background-attachment":"scroll","background-type":"","background-media":"","overlay-type":"","overlay-color":"","overlay-gradient":""},"mobile":{"background-color":"","background-image":"","background-repeat":"repeat","background-position":"center center","background-size":"auto","background-attachment":"scroll","background-type":"","background-media":"","overlay-type":"","overlay-color":"","overlay-gradient":""}},"ast-content-background-meta":{"desktop":{"background-color":"var(--ast-global-color-5)","background-image":"","background-repeat":"repeat","background-position":"center center","background-size":"auto","background-attachment":"scroll","background-type":"","background-media":"","overlay-type":"","overlay-color":"","overlay-gradient":""},"tablet":{"background-color":"var(--ast-global-color-5)","background-image":"","background-repeat":"repeat","background-position":"center center","background-size":"auto","background-attachment":"scroll","background-type":"","background-media":"","overlay-type":"","overlay-color":"","overlay-gradient":""},"mobile":{"background-color":"var(--ast-global-color-5)","background-image":"","background-repeat":"repeat","background-position":"center center","background-size":"auto","background-attachment":"scroll","background-type":"","background-media":"","overlay-type":"","overlay-color":"","overlay-gradient":""}},"footnotes":""},"categories":[433,87,38,119],"tags":[9,120],"_links":{"self":[{"href":"https:\/\/www.taxi-agentur.de\/index.php\/wp-json\/wp\/v2\/posts\/1231"}],"collection":[{"href":"https:\/\/www.taxi-agentur.de\/index.php\/wp-json\/wp\/v2\/posts"}],"about":[{"href":"https:\/\/www.taxi-agentur.de\/index.php\/wp-json\/wp\/v2\/types\/post"}],"author":[{"embeddable":true,"href":"https:\/\/www.taxi-agentur.de\/index.php\/wp-json\/wp\/v2\/users\/3"}],"replies":[{"embeddable":true,"href":"https:\/\/www.taxi-agentur.de\/index.php\/wp-json\/wp\/v2\/comments?post=1231"}],"version-history":[{"count":1,"href":"https:\/\/www.taxi-agentur.de\/index.php\/wp-json\/wp\/v2\/posts\/1231\/revisions"}],"predecessor-version":[{"id":1232,"href":"https:\/\/www.taxi-agentur.de\/index.php\/wp-json\/wp\/v2\/posts\/1231\/revisions\/1232"}],"wp:attachment":[{"href":"https:\/\/www.taxi-agentur.de\/index.php\/wp-json\/wp\/v2\/media?parent=1231"}],"wp:term":[{"taxonomy":"category","embeddable":true,"href":"https:\/\/www.taxi-agentur.de\/index.php\/wp-json\/wp\/v2\/categories?post=1231"},{"taxonomy":"post_tag","embeddable":true,"href":"https:\/\/www.taxi-agentur.de\/index.php\/wp-json\/wp\/v2\/tags?post=1231"}],"curies":[{"name":"wp","href":"https:\/\/api.w.org\/{rel}","templated":true}]}}